{"id":7634,"date":"2020-10-13T11:48:19","date_gmt":"2020-10-13T14:48:19","guid":{"rendered":"https:\/\/tv.utalca.cl\/?p=7634"},"modified":"2025-04-11T13:05:29","modified_gmt":"2025-04-11T17:05:29","slug":"hablemos-de-salud-publica-los-efectos-de-la-pandemia-en-el-personal-de-salud","status":"publish","type":"post","link":"https:\/\/tv.utalca.cl\/?p=7634","title":{"rendered":"Hablemos de Salud P\u00fablica: Los efectos de la pandemia en el personal de salud"},"content":{"rendered":"<p>En este cap\u00edtulo, Gloria Icaza, analiza la tasa de incidencia de Covid-19 en la Regi\u00f3n y el pa\u00eds y Nicol\u00e1s Ayala, acad\u00e9mico del Departamento de Salud P\u00fablica, aborda el impacto que ha tenido la crisis sanitaria en los profesionales de esta \u00e1rea.<\/p>\n","protected":false},"excerpt":{"rendered":"<p>En este cap\u00edtulo, Gloria Icaza, analiza la tasa de incidencia de Covid-19 en la Regi\u00f3n y el pa\u00eds y Nicol\u00e1s Ayala, acad\u00e9mico del Departamento de Salud P\u00fablica, aborda el impacto que ha tenido la crisis sanitaria en los profesionales de esta \u00e1rea.<\/p>\n","protected":false},"author":1,"featured_media":7635,"comment_status":"closed","ping_status":"open","sticky":false,"template":"","format":"video","meta":{"om_disable_all_campaigns":false,"_monsterinsights_skip_tracking":false,"_monsterinsights_sitenote_active":false,"_monsterinsights_sitenote_note":"","_monsterinsights_sitenote_category":0,"footnotes":""},"categories":[1527,112],"tags":[322,1528,323],"class_list":["post-7634","post","type-post","status-publish","format-video","has-post-thumbnail","hentry","category-hablemos-de-salud","category-programa","tag-departamento-de-salud-publica-utalca","tag-hablemos-de-salud","tag-salud-publica","post_format-post-format-video","slider-tags-hablemos-de-salud","slider-tags-slider"],"aioseo_notices":[],"_links":{"self":[{"href":"https:\/\/tv.utalca.cl\/index.php?rest_route=\/wp\/v2\/posts\/7634","targetHints":{"allow":["GET"]}}],"collection":[{"href":"https:\/\/tv.utalca.cl\/index.php?rest_route=\/wp\/v2\/posts"}],"about":[{"href":"https:\/\/tv.utalca.cl\/index.php?rest_route=\/wp\/v2\/types\/post"}],"author":[{"embeddable":true,"href":"https:\/\/tv.utalca.cl\/index.php?rest_route=\/wp\/v2\/users\/1"}],"replies":[{"embeddable":true,"href":"https:\/\/tv.utalca.cl\/index.php?rest_route=%2Fwp%2Fv2%2Fcomments&post=7634"}],"version-history":[{"count":1,"href":"https:\/\/tv.utalca.cl\/index.php?rest_route=\/wp\/v2\/posts\/7634\/revisions"}],"predecessor-version":[{"id":7636,"href":"https:\/\/tv.utalca.cl\/index.php?rest_route=\/wp\/v2\/posts\/7634\/revisions\/7636"}],"wp:featuredmedia":[{"embeddable":true,"href":"https:\/\/tv.utalca.cl\/index.php?rest_route=\/wp\/v2\/media\/7635"}],"wp:attachment":[{"href":"https:\/\/tv.utalca.cl\/index.php?rest_route=%2Fwp%2Fv2%2Fmedia&parent=7634"}],"wp:term":[{"taxonomy":"category","embeddable":true,"href":"https:\/\/tv.utalca.cl\/index.php?rest_route=%2Fwp%2Fv2%2Fcategories&post=7634"},{"taxonomy":"post_tag","embeddable":true,"href":"https:\/\/tv.utalca.cl\/index.php?rest_route=%2Fwp%2Fv2%2Ftags&post=7634"}],"curies":[{"name":"wp","href":"https:\/\/api.w.org\/{rel}","templated":true}]}}