{"id":7637,"date":"2020-10-13T11:52:51","date_gmt":"2020-10-13T14:52:51","guid":{"rendered":"https:\/\/tv.utalca.cl\/?p=7637"},"modified":"2025-10-02T10:17:50","modified_gmt":"2025-10-02T13:17:50","slug":"entrevistas-campustv-sintomas-de-covid-19-y-alergias","status":"publish","type":"post","link":"https:\/\/tv.utalca.cl\/?p=7637","title":{"rendered":"Entrevistas CAMPUSTV: S\u00edntomas de Covid- 19  y alergias"},"content":{"rendered":"<p>Erika Bu\u00f1ay, m\u00e9dico urgenci\u00f3loga y acad\u00e9mica del Departamento de Salud P\u00fablica UTalca entrega detalles de los procedimientos aplicados a pacientes con Covid19. En Tanto. Rafael Mendoza, broncopulmonar y acad\u00e9mico escuela de Medicina UTalca se refiere a las alergias que afectan principalmente en primavera y sus tratamientos.<\/p>\n","protected":false},"excerpt":{"rendered":"<p>Erika Bu\u00f1ay, m\u00e9dico urgenci\u00f3loga y acad\u00e9mica del Departamento de Salud P\u00fablica UTalca entrega detalles de los procedimientos aplicados a pacientes con Covid19. En Tanto. Rafael Mendoza, broncopulmonar y acad\u00e9mico escuela de Medicina UTalca se refiere a las alergias que afectan principalmente en primavera y sus tratamientos.<\/p>\n","protected":false},"author":1,"featured_media":7638,"comment_status":"closed","ping_status":"open","sticky":false,"template":"","format":"video","meta":{"om_disable_all_campaigns":false,"_monsterinsights_skip_tracking":false,"_monsterinsights_sitenote_active":false,"_monsterinsights_sitenote_note":"","_monsterinsights_sitenote_category":0,"footnotes":""},"categories":[1971,112,2334,1152],"tags":[1021,1267,1680,322,2207,57,1933,70],"class_list":["post-7637","post","type-post","status-publish","format-video","has-post-thumbnail","hentry","category-entrevistas-campustv","category-programa","category-videos-corporativos","category-videos-utalca","tag-alergias","tag-coronavirus","tag-covid-19","tag-departamento-de-salud-publica-utalca","tag-entrevistas-utalcatv","tag-medicina-utalca","tag-sintomas-covid-19","tag-utalca","post_format-post-format-video","slider-tags-entrevistas-campustv","slider-tags-slider"],"aioseo_notices":[],"_links":{"self":[{"href":"https:\/\/tv.utalca.cl\/index.php?rest_route=\/wp\/v2\/posts\/7637","targetHints":{"allow":["GET"]}}],"collection":[{"href":"https:\/\/tv.utalca.cl\/index.php?rest_route=\/wp\/v2\/posts"}],"about":[{"href":"https:\/\/tv.utalca.cl\/index.php?rest_route=\/wp\/v2\/types\/post"}],"author":[{"embeddable":true,"href":"https:\/\/tv.utalca.cl\/index.php?rest_route=\/wp\/v2\/users\/1"}],"replies":[{"embeddable":true,"href":"https:\/\/tv.utalca.cl\/index.php?rest_route=%2Fwp%2Fv2%2Fcomments&post=7637"}],"version-history":[{"count":1,"href":"https:\/\/tv.utalca.cl\/index.php?rest_route=\/wp\/v2\/posts\/7637\/revisions"}],"predecessor-version":[{"id":7639,"href":"https:\/\/tv.utalca.cl\/index.php?rest_route=\/wp\/v2\/posts\/7637\/revisions\/7639"}],"wp:featuredmedia":[{"embeddable":true,"href":"https:\/\/tv.utalca.cl\/index.php?rest_route=\/wp\/v2\/media\/7638"}],"wp:attachment":[{"href":"https:\/\/tv.utalca.cl\/index.php?rest_route=%2Fwp%2Fv2%2Fmedia&parent=7637"}],"wp:term":[{"taxonomy":"category","embeddable":true,"href":"https:\/\/tv.utalca.cl\/index.php?rest_route=%2Fwp%2Fv2%2Fcategories&post=7637"},{"taxonomy":"post_tag","embeddable":true,"href":"https:\/\/tv.utalca.cl\/index.php?rest_route=%2Fwp%2Fv2%2Ftags&post=7637"}],"curies":[{"name":"wp","href":"https:\/\/api.w.org\/{rel}","templated":true}]}}