{"id":7644,"date":"2020-10-16T12:03:53","date_gmt":"2020-10-16T15:03:53","guid":{"rendered":"https:\/\/tv.utalca.cl\/?p=7644"},"modified":"2025-04-11T13:05:29","modified_gmt":"2025-04-11T17:05:29","slug":"hablemos-de-salud-publica-gestion-en-tiempos-de-pandemia","status":"publish","type":"post","link":"https:\/\/tv.utalca.cl\/?p=7644","title":{"rendered":"Hablemos de Salud P\u00fablica: Gesti\u00f3n en tiempos de pandemia"},"content":{"rendered":"<p>En este cap\u00edtulo Loreto N\u00fa\u00f1ez, analiza la tasa de incidencia de Covid-19 en la regi\u00f3n y Eduardo Canales, acad\u00e9mico del Departamento de Salud P\u00fablica, aborda los aprendizajes y desaf\u00edos en esta materia.<\/p>\n","protected":false},"excerpt":{"rendered":"<p>En este cap\u00edtulo Loreto N\u00fa\u00f1ez, analiza la tasa de incidencia de Covid-19 en la regi\u00f3n y Eduardo Canales, acad\u00e9mico del Departamento de Salud P\u00fablica, aborda los aprendizajes y desaf\u00edos en esta materia.<\/p>\n","protected":false},"author":1,"featured_media":7645,"comment_status":"closed","ping_status":"open","sticky":false,"template":"","format":"video","meta":{"om_disable_all_campaigns":false,"_monsterinsights_skip_tracking":false,"_monsterinsights_sitenote_active":false,"_monsterinsights_sitenote_note":"","_monsterinsights_sitenote_category":0,"footnotes":""},"categories":[1527,112],"tags":[322,1977,70],"class_list":["post-7644","post","type-post","status-publish","format-video","has-post-thumbnail","hentry","category-hablemos-de-salud","category-programa","tag-departamento-de-salud-publica-utalca","tag-hablemos-de-salud-publica","tag-utalca","post_format-post-format-video","slider-tags-hablemos-de-salud","slider-tags-slider"],"aioseo_notices":[],"_links":{"self":[{"href":"https:\/\/tv.utalca.cl\/index.php?rest_route=\/wp\/v2\/posts\/7644","targetHints":{"allow":["GET"]}}],"collection":[{"href":"https:\/\/tv.utalca.cl\/index.php?rest_route=\/wp\/v2\/posts"}],"about":[{"href":"https:\/\/tv.utalca.cl\/index.php?rest_route=\/wp\/v2\/types\/post"}],"author":[{"embeddable":true,"href":"https:\/\/tv.utalca.cl\/index.php?rest_route=\/wp\/v2\/users\/1"}],"replies":[{"embeddable":true,"href":"https:\/\/tv.utalca.cl\/index.php?rest_route=%2Fwp%2Fv2%2Fcomments&post=7644"}],"version-history":[{"count":1,"href":"https:\/\/tv.utalca.cl\/index.php?rest_route=\/wp\/v2\/posts\/7644\/revisions"}],"predecessor-version":[{"id":7646,"href":"https:\/\/tv.utalca.cl\/index.php?rest_route=\/wp\/v2\/posts\/7644\/revisions\/7646"}],"wp:featuredmedia":[{"embeddable":true,"href":"https:\/\/tv.utalca.cl\/index.php?rest_route=\/wp\/v2\/media\/7645"}],"wp:attachment":[{"href":"https:\/\/tv.utalca.cl\/index.php?rest_route=%2Fwp%2Fv2%2Fmedia&parent=7644"}],"wp:term":[{"taxonomy":"category","embeddable":true,"href":"https:\/\/tv.utalca.cl\/index.php?rest_route=%2Fwp%2Fv2%2Fcategories&post=7644"},{"taxonomy":"post_tag","embeddable":true,"href":"https:\/\/tv.utalca.cl\/index.php?rest_route=%2Fwp%2Fv2%2Ftags&post=7644"}],"curies":[{"name":"wp","href":"https:\/\/api.w.org\/{rel}","templated":true}]}}