{"id":7742,"date":"2020-10-23T11:29:45","date_gmt":"2020-10-23T14:29:45","guid":{"rendered":"https:\/\/tv.utalca.cl\/?p=7742"},"modified":"2025-04-11T13:06:12","modified_gmt":"2025-04-11T17:06:12","slug":"hablemos-de-salud-publica-los-desafios-del-sistema-de-salud","status":"publish","type":"post","link":"https:\/\/tv.utalca.cl\/?p=7742","title":{"rendered":"Hablemos de Salud P\u00fablica: Los desaf\u00edos del sistema de salud"},"content":{"rendered":"<p>En este cap\u00edtulo, Alejandro Poblete, acad\u00e9mico de la Universidad de Talca aborda los cambios que se deben incorporar en este sector y Gloria Icaza, bioestad\u00edsica de la instituci\u00f3n, analiza la tasa de incidencia de Covid-19 en la regi\u00f3n y pa\u00eds.<\/p>\n","protected":false},"excerpt":{"rendered":"<p>En este cap\u00edtulo, Alejandro Poblete, acad\u00e9mico de la Universidad de Talca aborda los cambios que se deben incorporar en este sector y Gloria Icaza, bioestad\u00edsica de la instituci\u00f3n, analiza la tasa de incidencia de Covid-19 en la regi\u00f3n y pa\u00eds.<\/p>\n","protected":false},"author":1,"featured_media":7743,"comment_status":"closed","ping_status":"open","sticky":false,"template":"","format":"video","meta":{"om_disable_all_campaigns":false,"_monsterinsights_skip_tracking":false,"_monsterinsights_sitenote_active":false,"_monsterinsights_sitenote_note":"","_monsterinsights_sitenote_category":0,"footnotes":""},"categories":[1527,112],"tags":[1528,70],"class_list":["post-7742","post","type-post","status-publish","format-video","has-post-thumbnail","hentry","category-hablemos-de-salud","category-programa","tag-hablemos-de-salud","tag-utalca","post_format-post-format-video","slider-tags-hablemos-de-salud","slider-tags-slider"],"aioseo_notices":[],"_links":{"self":[{"href":"https:\/\/tv.utalca.cl\/index.php?rest_route=\/wp\/v2\/posts\/7742","targetHints":{"allow":["GET"]}}],"collection":[{"href":"https:\/\/tv.utalca.cl\/index.php?rest_route=\/wp\/v2\/posts"}],"about":[{"href":"https:\/\/tv.utalca.cl\/index.php?rest_route=\/wp\/v2\/types\/post"}],"author":[{"embeddable":true,"href":"https:\/\/tv.utalca.cl\/index.php?rest_route=\/wp\/v2\/users\/1"}],"replies":[{"embeddable":true,"href":"https:\/\/tv.utalca.cl\/index.php?rest_route=%2Fwp%2Fv2%2Fcomments&post=7742"}],"version-history":[{"count":1,"href":"https:\/\/tv.utalca.cl\/index.php?rest_route=\/wp\/v2\/posts\/7742\/revisions"}],"predecessor-version":[{"id":7744,"href":"https:\/\/tv.utalca.cl\/index.php?rest_route=\/wp\/v2\/posts\/7742\/revisions\/7744"}],"wp:featuredmedia":[{"embeddable":true,"href":"https:\/\/tv.utalca.cl\/index.php?rest_route=\/wp\/v2\/media\/7743"}],"wp:attachment":[{"href":"https:\/\/tv.utalca.cl\/index.php?rest_route=%2Fwp%2Fv2%2Fmedia&parent=7742"}],"wp:term":[{"taxonomy":"category","embeddable":true,"href":"https:\/\/tv.utalca.cl\/index.php?rest_route=%2Fwp%2Fv2%2Fcategories&post=7742"},{"taxonomy":"post_tag","embeddable":true,"href":"https:\/\/tv.utalca.cl\/index.php?rest_route=%2Fwp%2Fv2%2Ftags&post=7742"}],"curies":[{"name":"wp","href":"https:\/\/api.w.org\/{rel}","templated":true}]}}