{"id":7764,"date":"2020-10-29T21:30:56","date_gmt":"2020-10-30T00:30:56","guid":{"rendered":"https:\/\/tv.utalca.cl\/?p=7764"},"modified":"2025-04-11T13:06:12","modified_gmt":"2025-04-11T17:06:12","slug":"hablemos-de-salud-publica-analizan-medidas-sanitarias-previo-a-la-temporada-de-verano","status":"publish","type":"post","link":"https:\/\/tv.utalca.cl\/?p=7764","title":{"rendered":"Hablemos de Salud P\u00fablica: Analizan medidas sanitarias previo a la temporada de verano"},"content":{"rendered":"<p><span class=\"style-scope yt-formatted-string\" dir=\"auto\">En este cap\u00edtulo Erika Retamal, directora del Departamento de Salud P\u00fablica, abord\u00f3 la importancia de las medidas de autocuidado durante el desconfinamiento de algunas comunas del pa\u00eds.<\/span><\/p>\n","protected":false},"excerpt":{"rendered":"<p>En este cap\u00edtulo Erika Retamal, directora del Departamento de Salud P\u00fablica, abord\u00f3 la importancia de las medidas de autocuidado durante el desconfinamiento de algunas comunas del pa\u00eds.<\/p>\n","protected":false},"author":1,"featured_media":7765,"comment_status":"closed","ping_status":"open","sticky":false,"template":"","format":"video","meta":{"om_disable_all_campaigns":false,"_monsterinsights_skip_tracking":false,"_monsterinsights_sitenote_active":false,"_monsterinsights_sitenote_note":"","_monsterinsights_sitenote_category":0,"footnotes":""},"categories":[1527,112],"tags":[1680,1977,70],"class_list":["post-7764","post","type-post","status-publish","format-video","has-post-thumbnail","hentry","category-hablemos-de-salud","category-programa","tag-covid-19","tag-hablemos-de-salud-publica","tag-utalca","post_format-post-format-video","slider-tags-hablemos-de-salud","slider-tags-slider"],"aioseo_notices":[],"_links":{"self":[{"href":"https:\/\/tv.utalca.cl\/index.php?rest_route=\/wp\/v2\/posts\/7764","targetHints":{"allow":["GET"]}}],"collection":[{"href":"https:\/\/tv.utalca.cl\/index.php?rest_route=\/wp\/v2\/posts"}],"about":[{"href":"https:\/\/tv.utalca.cl\/index.php?rest_route=\/wp\/v2\/types\/post"}],"author":[{"embeddable":true,"href":"https:\/\/tv.utalca.cl\/index.php?rest_route=\/wp\/v2\/users\/1"}],"replies":[{"embeddable":true,"href":"https:\/\/tv.utalca.cl\/index.php?rest_route=%2Fwp%2Fv2%2Fcomments&post=7764"}],"version-history":[{"count":1,"href":"https:\/\/tv.utalca.cl\/index.php?rest_route=\/wp\/v2\/posts\/7764\/revisions"}],"predecessor-version":[{"id":7766,"href":"https:\/\/tv.utalca.cl\/index.php?rest_route=\/wp\/v2\/posts\/7764\/revisions\/7766"}],"wp:featuredmedia":[{"embeddable":true,"href":"https:\/\/tv.utalca.cl\/index.php?rest_route=\/wp\/v2\/media\/7765"}],"wp:attachment":[{"href":"https:\/\/tv.utalca.cl\/index.php?rest_route=%2Fwp%2Fv2%2Fmedia&parent=7764"}],"wp:term":[{"taxonomy":"category","embeddable":true,"href":"https:\/\/tv.utalca.cl\/index.php?rest_route=%2Fwp%2Fv2%2Fcategories&post=7764"},{"taxonomy":"post_tag","embeddable":true,"href":"https:\/\/tv.utalca.cl\/index.php?rest_route=%2Fwp%2Fv2%2Ftags&post=7764"}],"curies":[{"name":"wp","href":"https:\/\/api.w.org\/{rel}","templated":true}]}}