{"id":7773,"date":"2020-11-04T09:50:15","date_gmt":"2020-11-04T12:50:15","guid":{"rendered":"https:\/\/tv.utalca.cl\/?p=7773"},"modified":"2025-10-02T10:17:49","modified_gmt":"2025-10-02T13:17:49","slug":"discurso-aniversario-39-anos-utalca-2020-rector-alvaro-rojas-marin","status":"publish","type":"post","link":"https:\/\/tv.utalca.cl\/?p=7773","title":{"rendered":"Discurso Aniversario &#8211; Rector \u00c1lvaro Rojas Mar\u00edn"},"content":{"rendered":"<p>Ceremonia Aniversario 39 a\u00f1os UTalca.<\/p>\n","protected":false},"excerpt":{"rendered":"<p>Ceremonia Aniversario 39 a\u00f1os UTalca.<\/p>\n","protected":false},"author":1,"featured_media":7774,"comment_status":"closed","ping_status":"open","sticky":false,"template":"","format":"video","meta":{"om_disable_all_campaigns":false,"_monsterinsights_skip_tracking":false,"_monsterinsights_sitenote_active":false,"_monsterinsights_sitenote_note":"","_monsterinsights_sitenote_category":0,"footnotes":""},"categories":[2334,1152],"tags":[2043,2044,70],"class_list":["post-7773","post","type-post","status-publish","format-video","has-post-thumbnail","hentry","category-videos-corporativos","category-videos-utalca","tag-39-anos","tag-aniversario","tag-utalca","post_format-post-format-video"],"aioseo_notices":[],"_links":{"self":[{"href":"https:\/\/tv.utalca.cl\/index.php?rest_route=\/wp\/v2\/posts\/7773","targetHints":{"allow":["GET"]}}],"collection":[{"href":"https:\/\/tv.utalca.cl\/index.php?rest_route=\/wp\/v2\/posts"}],"about":[{"href":"https:\/\/tv.utalca.cl\/index.php?rest_route=\/wp\/v2\/types\/post"}],"author":[{"embeddable":true,"href":"https:\/\/tv.utalca.cl\/index.php?rest_route=\/wp\/v2\/users\/1"}],"replies":[{"embeddable":true,"href":"https:\/\/tv.utalca.cl\/index.php?rest_route=%2Fwp%2Fv2%2Fcomments&post=7773"}],"version-history":[{"count":3,"href":"https:\/\/tv.utalca.cl\/index.php?rest_route=\/wp\/v2\/posts\/7773\/revisions"}],"predecessor-version":[{"id":7777,"href":"https:\/\/tv.utalca.cl\/index.php?rest_route=\/wp\/v2\/posts\/7773\/revisions\/7777"}],"wp:featuredmedia":[{"embeddable":true,"href":"https:\/\/tv.utalca.cl\/index.php?rest_route=\/wp\/v2\/media\/7774"}],"wp:attachment":[{"href":"https:\/\/tv.utalca.cl\/index.php?rest_route=%2Fwp%2Fv2%2Fmedia&parent=7773"}],"wp:term":[{"taxonomy":"category","embeddable":true,"href":"https:\/\/tv.utalca.cl\/index.php?rest_route=%2Fwp%2Fv2%2Fcategories&post=7773"},{"taxonomy":"post_tag","embeddable":true,"href":"https:\/\/tv.utalca.cl\/index.php?rest_route=%2Fwp%2Fv2%2Ftags&post=7773"}],"curies":[{"name":"wp","href":"https:\/\/api.w.org\/{rel}","templated":true}]}}