{"id":7882,"date":"2020-11-20T16:30:10","date_gmt":"2020-11-20T19:30:10","guid":{"rendered":"https:\/\/tv.utalca.cl\/?p=7882"},"modified":"2025-04-11T13:06:11","modified_gmt":"2025-04-11T17:06:11","slug":"utalca-lanzo-nueva-plataforma-digital-mav","status":"publish","type":"post","link":"https:\/\/tv.utalca.cl\/?p=7882","title":{"rendered":"UTalca lanz\u00f3 nueva plataforma digital MAV+"},"content":{"rendered":"<p>Este espacio virtual fue creado especialmente para poner a disposici\u00f3n de las comunidades el patrimonio art\u00edstico con que cuenta la casa de estudios, junto con la programaci\u00f3n y contenidos art\u00edstico-culturales generados desde su Direcci\u00f3n de Extensi\u00f3n Cultural.<\/p>\n","protected":false},"excerpt":{"rendered":"<p>Este espacio virtual fue creado especialmente para poner a disposici\u00f3n de las comunidades el patrimonio art\u00edstico con que cuenta la casa de estudios, junto con la programaci\u00f3n y contenidos art\u00edstico-culturales generados desde su Direcci\u00f3n de Extensi\u00f3n Cultural.<\/p>\n","protected":false},"author":1,"featured_media":7898,"comment_status":"closed","ping_status":"open","sticky":false,"template":"","format":"video","meta":{"om_disable_all_campaigns":false,"_monsterinsights_skip_tracking":false,"_monsterinsights_sitenote_active":false,"_monsterinsights_sitenote_note":"","_monsterinsights_sitenote_category":0,"footnotes":""},"categories":[93,92],"tags":[114,2059,70],"class_list":["post-7882","post","type-post","status-publish","format-video","has-post-thumbnail","hentry","category-noticias","category-utalcatv-informa","tag-extension","tag-mav","tag-utalca","post_format-post-format-video","slider-tags-campustv-informa","slider-tags-slider","slider-tags-titular"],"aioseo_notices":[],"_links":{"self":[{"href":"https:\/\/tv.utalca.cl\/index.php?rest_route=\/wp\/v2\/posts\/7882","targetHints":{"allow":["GET"]}}],"collection":[{"href":"https:\/\/tv.utalca.cl\/index.php?rest_route=\/wp\/v2\/posts"}],"about":[{"href":"https:\/\/tv.utalca.cl\/index.php?rest_route=\/wp\/v2\/types\/post"}],"author":[{"embeddable":true,"href":"https:\/\/tv.utalca.cl\/index.php?rest_route=\/wp\/v2\/users\/1"}],"replies":[{"embeddable":true,"href":"https:\/\/tv.utalca.cl\/index.php?rest_route=%2Fwp%2Fv2%2Fcomments&post=7882"}],"version-history":[{"count":1,"href":"https:\/\/tv.utalca.cl\/index.php?rest_route=\/wp\/v2\/posts\/7882\/revisions"}],"predecessor-version":[{"id":7901,"href":"https:\/\/tv.utalca.cl\/index.php?rest_route=\/wp\/v2\/posts\/7882\/revisions\/7901"}],"wp:featuredmedia":[{"embeddable":true,"href":"https:\/\/tv.utalca.cl\/index.php?rest_route=\/wp\/v2\/media\/7898"}],"wp:attachment":[{"href":"https:\/\/tv.utalca.cl\/index.php?rest_route=%2Fwp%2Fv2%2Fmedia&parent=7882"}],"wp:term":[{"taxonomy":"category","embeddable":true,"href":"https:\/\/tv.utalca.cl\/index.php?rest_route=%2Fwp%2Fv2%2Fcategories&post=7882"},{"taxonomy":"post_tag","embeddable":true,"href":"https:\/\/tv.utalca.cl\/index.php?rest_route=%2Fwp%2Fv2%2Ftags&post=7882"}],"curies":[{"name":"wp","href":"https:\/\/api.w.org\/{rel}","templated":true}]}}