{"id":7946,"date":"2020-11-27T10:05:42","date_gmt":"2020-11-27T13:05:42","guid":{"rendered":"https:\/\/tv.utalca.cl\/?p=7946"},"modified":"2025-04-11T13:06:10","modified_gmt":"2025-04-11T17:06:10","slug":"preocupa-reduccion-de-presupuesto-para-educacion-superior","status":"publish","type":"post","link":"https:\/\/tv.utalca.cl\/?p=7946","title":{"rendered":"Preocupa reducci\u00f3n de presupuesto para Educaci\u00f3n Superior"},"content":{"rendered":"<p>Rector de la UTalca reiter\u00f3 el llamado al gobierno para que revierta la baja en fondos para las Ues. https:\/\/www.youtube.com\/watch?v=qBkYVqJgOJA<\/p>\n","protected":false},"excerpt":{"rendered":"<p>Rector de la UTalca reiter\u00f3 el llamado al gobierno para que revierta la baja en fondos para las Ues. https:\/\/www.youtube.com\/watch?v=qBkYVqJgOJA<\/p>\n","protected":false},"author":1,"featured_media":7947,"comment_status":"closed","ping_status":"open","sticky":false,"template":"","format":"video","meta":{"om_disable_all_campaigns":false,"_monsterinsights_skip_tracking":false,"_monsterinsights_sitenote_active":false,"_monsterinsights_sitenote_note":"","_monsterinsights_sitenote_category":0,"footnotes":""},"categories":[93,92],"tags":[94,253,70],"class_list":["post-7946","post","type-post","status-publish","format-video","has-post-thumbnail","hentry","category-noticias","category-utalcatv-informa","tag-campustv-informa","tag-educacion-superior","tag-utalca","post_format-post-format-video","slider-tags-campustv-informa","slider-tags-slider","slider-tags-titular"],"aioseo_notices":[],"_links":{"self":[{"href":"https:\/\/tv.utalca.cl\/index.php?rest_route=\/wp\/v2\/posts\/7946","targetHints":{"allow":["GET"]}}],"collection":[{"href":"https:\/\/tv.utalca.cl\/index.php?rest_route=\/wp\/v2\/posts"}],"about":[{"href":"https:\/\/tv.utalca.cl\/index.php?rest_route=\/wp\/v2\/types\/post"}],"author":[{"embeddable":true,"href":"https:\/\/tv.utalca.cl\/index.php?rest_route=\/wp\/v2\/users\/1"}],"replies":[{"embeddable":true,"href":"https:\/\/tv.utalca.cl\/index.php?rest_route=%2Fwp%2Fv2%2Fcomments&post=7946"}],"version-history":[{"count":1,"href":"https:\/\/tv.utalca.cl\/index.php?rest_route=\/wp\/v2\/posts\/7946\/revisions"}],"predecessor-version":[{"id":7948,"href":"https:\/\/tv.utalca.cl\/index.php?rest_route=\/wp\/v2\/posts\/7946\/revisions\/7948"}],"wp:featuredmedia":[{"embeddable":true,"href":"https:\/\/tv.utalca.cl\/index.php?rest_route=\/wp\/v2\/media\/7947"}],"wp:attachment":[{"href":"https:\/\/tv.utalca.cl\/index.php?rest_route=%2Fwp%2Fv2%2Fmedia&parent=7946"}],"wp:term":[{"taxonomy":"category","embeddable":true,"href":"https:\/\/tv.utalca.cl\/index.php?rest_route=%2Fwp%2Fv2%2Fcategories&post=7946"},{"taxonomy":"post_tag","embeddable":true,"href":"https:\/\/tv.utalca.cl\/index.php?rest_route=%2Fwp%2Fv2%2Ftags&post=7946"}],"curies":[{"name":"wp","href":"https:\/\/api.w.org\/{rel}","templated":true}]}}