{"id":7949,"date":"2020-11-27T10:11:32","date_gmt":"2020-11-27T13:11:32","guid":{"rendered":"https:\/\/tv.utalca.cl\/?p=7949"},"modified":"2025-06-02T08:35:47","modified_gmt":"2025-06-02T12:35:47","slug":"mas-conocimiento-internacional-diagnostico-y-tratamiento-de-caries-en-la-poblacion","status":"publish","type":"post","link":"https:\/\/tv.utalca.cl\/?p=7949","title":{"rendered":"M\u00e1s Conocimiento Internacional: Diagn\u00f3stico y tratamiento de caries en la poblaci\u00f3n"},"content":{"rendered":"<p>Jaime Cury, acad\u00e9mico de la Facultad de Odontolog\u00eda de la Universidad de Campinas, Brasil, analiza la prevalencia de esta enfermedad.<\/p>\n","protected":false},"excerpt":{"rendered":"<p>Jaime Cury, acad\u00e9mico de la Facultad de Odontolog\u00eda de la Universidad de Campinas, Brasil, analiza la prevalencia de esta enfermedad.<\/p>\n","protected":false},"author":1,"featured_media":7950,"comment_status":"closed","ping_status":"open","sticky":false,"template":"","format":"video","meta":{"om_disable_all_campaigns":false,"_monsterinsights_skip_tracking":false,"_monsterinsights_sitenote_active":false,"_monsterinsights_sitenote_note":"","_monsterinsights_sitenote_category":0,"footnotes":""},"categories":[297,112],"tags":[289,1978,70],"class_list":["post-7949","post","type-post","status-publish","format-video","has-post-thumbnail","hentry","category-mas-conocimiento","category-programa","tag-investigacion","tag-mas-conocimiento-internacional","tag-utalca","post_format-post-format-video","slider-tags-mas-conocimiento"],"aioseo_notices":[],"_links":{"self":[{"href":"https:\/\/tv.utalca.cl\/index.php?rest_route=\/wp\/v2\/posts\/7949","targetHints":{"allow":["GET"]}}],"collection":[{"href":"https:\/\/tv.utalca.cl\/index.php?rest_route=\/wp\/v2\/posts"}],"about":[{"href":"https:\/\/tv.utalca.cl\/index.php?rest_route=\/wp\/v2\/types\/post"}],"author":[{"embeddable":true,"href":"https:\/\/tv.utalca.cl\/index.php?rest_route=\/wp\/v2\/users\/1"}],"replies":[{"embeddable":true,"href":"https:\/\/tv.utalca.cl\/index.php?rest_route=%2Fwp%2Fv2%2Fcomments&post=7949"}],"version-history":[{"count":1,"href":"https:\/\/tv.utalca.cl\/index.php?rest_route=\/wp\/v2\/posts\/7949\/revisions"}],"predecessor-version":[{"id":7951,"href":"https:\/\/tv.utalca.cl\/index.php?rest_route=\/wp\/v2\/posts\/7949\/revisions\/7951"}],"wp:featuredmedia":[{"embeddable":true,"href":"https:\/\/tv.utalca.cl\/index.php?rest_route=\/wp\/v2\/media\/7950"}],"wp:attachment":[{"href":"https:\/\/tv.utalca.cl\/index.php?rest_route=%2Fwp%2Fv2%2Fmedia&parent=7949"}],"wp:term":[{"taxonomy":"category","embeddable":true,"href":"https:\/\/tv.utalca.cl\/index.php?rest_route=%2Fwp%2Fv2%2Fcategories&post=7949"},{"taxonomy":"post_tag","embeddable":true,"href":"https:\/\/tv.utalca.cl\/index.php?rest_route=%2Fwp%2Fv2%2Ftags&post=7949"}],"curies":[{"name":"wp","href":"https:\/\/api.w.org\/{rel}","templated":true}]}}