{"id":8046,"date":"2020-12-10T11:21:27","date_gmt":"2020-12-10T14:21:27","guid":{"rendered":"https:\/\/tv.utalca.cl\/?p=8046"},"modified":"2025-04-11T13:06:08","modified_gmt":"2025-04-11T17:06:08","slug":"utalca-contigo-las-graves-consecuencias-de-la-megasequia","status":"publish","type":"post","link":"https:\/\/tv.utalca.cl\/?p=8046","title":{"rendered":"UTalca Contigo: Las graves consecuencias de la megasequ\u00eda"},"content":{"rendered":"<p>En este cap\u00edtulo, Patricio Gonz\u00e1lez, agroclimat\u00f3logo del Citra de la UTalca, analiza el impacto de este fen\u00f3meno en el Maule y a nivel nacional, adem\u00e1s proyecta que este verano ser\u00e1 bastante largo, c\u00e1lido, seco y con baja humedad relativa.<\/p>\n","protected":false},"excerpt":{"rendered":"<p>En este cap\u00edtulo, Patricio Gonz\u00e1lez, agroclimat\u00f3logo del Citra de la UTalca, analiza el impacto de este fen\u00f3meno en el Maule y a nivel nacional, adem\u00e1s proyecta que este verano ser\u00e1 bastante largo, c\u00e1lido, seco y con baja humedad relativa.<\/p>\n","protected":false},"author":1,"featured_media":8047,"comment_status":"closed","ping_status":"open","sticky":false,"template":"","format":"video","meta":{"om_disable_all_campaigns":false,"_monsterinsights_skip_tracking":false,"_monsterinsights_sitenote_active":false,"_monsterinsights_sitenote_note":"","_monsterinsights_sitenote_category":0,"footnotes":""},"categories":[112,2075],"tags":[207,1213,70],"class_list":["post-8046","post","type-post","status-publish","format-video","has-post-thumbnail","hentry","category-programa","category-utalca-contigo","tag-citra","tag-megasequia","tag-utalca","post_format-post-format-video","slider-tags-slider","slider-tags-utalca-contigo"],"aioseo_notices":[],"_links":{"self":[{"href":"https:\/\/tv.utalca.cl\/index.php?rest_route=\/wp\/v2\/posts\/8046","targetHints":{"allow":["GET"]}}],"collection":[{"href":"https:\/\/tv.utalca.cl\/index.php?rest_route=\/wp\/v2\/posts"}],"about":[{"href":"https:\/\/tv.utalca.cl\/index.php?rest_route=\/wp\/v2\/types\/post"}],"author":[{"embeddable":true,"href":"https:\/\/tv.utalca.cl\/index.php?rest_route=\/wp\/v2\/users\/1"}],"replies":[{"embeddable":true,"href":"https:\/\/tv.utalca.cl\/index.php?rest_route=%2Fwp%2Fv2%2Fcomments&post=8046"}],"version-history":[{"count":1,"href":"https:\/\/tv.utalca.cl\/index.php?rest_route=\/wp\/v2\/posts\/8046\/revisions"}],"predecessor-version":[{"id":8048,"href":"https:\/\/tv.utalca.cl\/index.php?rest_route=\/wp\/v2\/posts\/8046\/revisions\/8048"}],"wp:featuredmedia":[{"embeddable":true,"href":"https:\/\/tv.utalca.cl\/index.php?rest_route=\/wp\/v2\/media\/8047"}],"wp:attachment":[{"href":"https:\/\/tv.utalca.cl\/index.php?rest_route=%2Fwp%2Fv2%2Fmedia&parent=8046"}],"wp:term":[{"taxonomy":"category","embeddable":true,"href":"https:\/\/tv.utalca.cl\/index.php?rest_route=%2Fwp%2Fv2%2Fcategories&post=8046"},{"taxonomy":"post_tag","embeddable":true,"href":"https:\/\/tv.utalca.cl\/index.php?rest_route=%2Fwp%2Fv2%2Ftags&post=8046"}],"curies":[{"name":"wp","href":"https:\/\/api.w.org\/{rel}","templated":true}]}}