{"id":8049,"date":"2020-12-14T11:13:40","date_gmt":"2020-12-14T14:13:40","guid":{"rendered":"https:\/\/tv.utalca.cl\/?p=8049"},"modified":"2025-04-11T13:06:08","modified_gmt":"2025-04-11T17:06:08","slug":"hablemos-de-salud-mental-pandemia-y-comportamiento-social","status":"publish","type":"post","link":"https:\/\/tv.utalca.cl\/?p=8049","title":{"rendered":"Hablemos de Salud Mental: Pandemia y Comportamiento social"},"content":{"rendered":"<p>En este cap\u00edtulo conversamos con H\u00e9ctor Vargas, psic\u00f3logo social organizacional y acad\u00e9mico de la Facultad de Psicolog\u00eda UTalca.<\/p>\n","protected":false},"excerpt":{"rendered":"<p>En este cap\u00edtulo conversamos con H\u00e9ctor Vargas, psic\u00f3logo social organizacional y acad\u00e9mico de la Facultad de Psicolog\u00eda UTalca.<\/p>\n","protected":false},"author":1,"featured_media":8050,"comment_status":"closed","ping_status":"open","sticky":false,"template":"","format":"video","meta":{"om_disable_all_campaigns":false,"_monsterinsights_skip_tracking":false,"_monsterinsights_sitenote_active":false,"_monsterinsights_sitenote_note":"","_monsterinsights_sitenote_category":0,"footnotes":""},"categories":[1527,112],"tags":[2079,1312,80,70],"class_list":["post-8049","post","type-post","status-publish","format-video","has-post-thumbnail","hentry","category-hablemos-de-salud","category-programa","tag-hablemos-de-salud-mental","tag-pandemia","tag-psicologia","tag-utalca","post_format-post-format-video","slider-tags-hablemos-de-salud","slider-tags-slider"],"aioseo_notices":[],"_links":{"self":[{"href":"https:\/\/tv.utalca.cl\/index.php?rest_route=\/wp\/v2\/posts\/8049","targetHints":{"allow":["GET"]}}],"collection":[{"href":"https:\/\/tv.utalca.cl\/index.php?rest_route=\/wp\/v2\/posts"}],"about":[{"href":"https:\/\/tv.utalca.cl\/index.php?rest_route=\/wp\/v2\/types\/post"}],"author":[{"embeddable":true,"href":"https:\/\/tv.utalca.cl\/index.php?rest_route=\/wp\/v2\/users\/1"}],"replies":[{"embeddable":true,"href":"https:\/\/tv.utalca.cl\/index.php?rest_route=%2Fwp%2Fv2%2Fcomments&post=8049"}],"version-history":[{"count":1,"href":"https:\/\/tv.utalca.cl\/index.php?rest_route=\/wp\/v2\/posts\/8049\/revisions"}],"predecessor-version":[{"id":8051,"href":"https:\/\/tv.utalca.cl\/index.php?rest_route=\/wp\/v2\/posts\/8049\/revisions\/8051"}],"wp:featuredmedia":[{"embeddable":true,"href":"https:\/\/tv.utalca.cl\/index.php?rest_route=\/wp\/v2\/media\/8050"}],"wp:attachment":[{"href":"https:\/\/tv.utalca.cl\/index.php?rest_route=%2Fwp%2Fv2%2Fmedia&parent=8049"}],"wp:term":[{"taxonomy":"category","embeddable":true,"href":"https:\/\/tv.utalca.cl\/index.php?rest_route=%2Fwp%2Fv2%2Fcategories&post=8049"},{"taxonomy":"post_tag","embeddable":true,"href":"https:\/\/tv.utalca.cl\/index.php?rest_route=%2Fwp%2Fv2%2Ftags&post=8049"}],"curies":[{"name":"wp","href":"https:\/\/api.w.org\/{rel}","templated":true}]}}