{"id":8071,"date":"2020-12-17T18:05:55","date_gmt":"2020-12-17T21:05:55","guid":{"rendered":"https:\/\/tv.utalca.cl\/?p=8071"},"modified":"2025-04-11T13:06:08","modified_gmt":"2025-04-11T17:06:08","slug":"utalca-contigo-campana-busca-evitar-quemaduras-durante-celebraciones-de-fin-de-ano","status":"publish","type":"post","link":"https:\/\/tv.utalca.cl\/?p=8071","title":{"rendered":"UTalca Contigo: Campa\u00f1a busca evitar quemaduras durante celebraciones de fin de a\u00f1o"},"content":{"rendered":"<p><span class=\"style-scope yt-formatted-string\" dir=\"auto\">En este cap\u00edtulo, Ana Luisa Echeverr\u00eda, Coordinadora Regional de Coaniquem, explica los efectos que ha tenido la normativa que proh\u00edbe la comercializaci\u00f3n y uso de fuegos artificiales y aborda adem\u00e1s las quemaduras m\u00e1s frecuentes de ni\u00f1os y ni\u00f1as durante el confinamiento.<\/span><\/p>\n","protected":false},"excerpt":{"rendered":"<p>En este cap\u00edtulo, Ana Luisa Echeverr\u00eda, Coordinadora Regional de Coaniquem, explica los efectos que ha tenido la normativa que proh\u00edbe la comercializaci\u00f3n y uso de fuegos artificiales y aborda adem\u00e1s las quemaduras m\u00e1s frecuentes de ni\u00f1os y ni\u00f1as durante el confinamiento.<\/p>\n","protected":false},"author":1,"featured_media":8072,"comment_status":"closed","ping_status":"open","sticky":false,"template":"","format":"video","meta":{"om_disable_all_campaigns":false,"_monsterinsights_skip_tracking":false,"_monsterinsights_sitenote_active":false,"_monsterinsights_sitenote_note":"","_monsterinsights_sitenote_category":0,"footnotes":""},"categories":[112,2075],"tags":[2076],"class_list":["post-8071","post","type-post","status-publish","format-video","has-post-thumbnail","hentry","category-programa","category-utalca-contigo","tag-utalca-contigo","post_format-post-format-video","slider-tags-slider","slider-tags-utalca-contigo"],"aioseo_notices":[],"_links":{"self":[{"href":"https:\/\/tv.utalca.cl\/index.php?rest_route=\/wp\/v2\/posts\/8071","targetHints":{"allow":["GET"]}}],"collection":[{"href":"https:\/\/tv.utalca.cl\/index.php?rest_route=\/wp\/v2\/posts"}],"about":[{"href":"https:\/\/tv.utalca.cl\/index.php?rest_route=\/wp\/v2\/types\/post"}],"author":[{"embeddable":true,"href":"https:\/\/tv.utalca.cl\/index.php?rest_route=\/wp\/v2\/users\/1"}],"replies":[{"embeddable":true,"href":"https:\/\/tv.utalca.cl\/index.php?rest_route=%2Fwp%2Fv2%2Fcomments&post=8071"}],"version-history":[{"count":1,"href":"https:\/\/tv.utalca.cl\/index.php?rest_route=\/wp\/v2\/posts\/8071\/revisions"}],"predecessor-version":[{"id":8073,"href":"https:\/\/tv.utalca.cl\/index.php?rest_route=\/wp\/v2\/posts\/8071\/revisions\/8073"}],"wp:featuredmedia":[{"embeddable":true,"href":"https:\/\/tv.utalca.cl\/index.php?rest_route=\/wp\/v2\/media\/8072"}],"wp:attachment":[{"href":"https:\/\/tv.utalca.cl\/index.php?rest_route=%2Fwp%2Fv2%2Fmedia&parent=8071"}],"wp:term":[{"taxonomy":"category","embeddable":true,"href":"https:\/\/tv.utalca.cl\/index.php?rest_route=%2Fwp%2Fv2%2Fcategories&post=8071"},{"taxonomy":"post_tag","embeddable":true,"href":"https:\/\/tv.utalca.cl\/index.php?rest_route=%2Fwp%2Fv2%2Ftags&post=8071"}],"curies":[{"name":"wp","href":"https:\/\/api.w.org\/{rel}","templated":true}]}}