{"id":8077,"date":"2020-12-22T17:22:44","date_gmt":"2020-12-22T20:22:44","guid":{"rendered":"https:\/\/tv.utalca.cl\/?p=8077"},"modified":"2025-04-11T13:06:08","modified_gmt":"2025-04-11T17:06:08","slug":"destacan-aporte-que-tuvo-el-eclipse-de-sol-para-la-ciencia","status":"publish","type":"post","link":"https:\/\/tv.utalca.cl\/?p=8077","title":{"rendered":"Destacan aporte que tuvo el eclipse de sol para la ciencia"},"content":{"rendered":"<p>La profesora de la Facultad de Ingenier\u00eda de la Universidad de Talca, Daniela Olave, y el intendente regional del Maule, Juan Eduardo Prieto, participaron en una actividad de observaci\u00f3n y an\u00e1lisis de este fen\u00f3meno que en la zona alcanz\u00f3 a un 87% de visibilidad.<\/p>\n","protected":false},"excerpt":{"rendered":"<p>La profesora de la Facultad de Ingenier\u00eda de la Universidad de Talca, Daniela Olave, y el intendente regional del Maule, Juan Eduardo Prieto, participaron en una actividad de observaci\u00f3n y an\u00e1lisis de este fen\u00f3meno que en la zona alcanz\u00f3 a un 87% de visibilidad.<\/p>\n","protected":false},"author":1,"featured_media":8082,"comment_status":"closed","ping_status":"open","sticky":false,"template":"","format":"video","meta":{"om_disable_all_campaigns":false,"_monsterinsights_skip_tracking":false,"_monsterinsights_sitenote_active":false,"_monsterinsights_sitenote_note":"","_monsterinsights_sitenote_category":0,"footnotes":""},"categories":[93,92],"tags":[874,241,70],"class_list":["post-8077","post","type-post","status-publish","format-video","has-post-thumbnail","hentry","category-noticias","category-utalcatv-informa","tag-eclipse","tag-maule","tag-utalca","post_format-post-format-video","slider-tags-campustv-informa","slider-tags-slider","slider-tags-titular"],"aioseo_notices":[],"_links":{"self":[{"href":"https:\/\/tv.utalca.cl\/index.php?rest_route=\/wp\/v2\/posts\/8077","targetHints":{"allow":["GET"]}}],"collection":[{"href":"https:\/\/tv.utalca.cl\/index.php?rest_route=\/wp\/v2\/posts"}],"about":[{"href":"https:\/\/tv.utalca.cl\/index.php?rest_route=\/wp\/v2\/types\/post"}],"author":[{"embeddable":true,"href":"https:\/\/tv.utalca.cl\/index.php?rest_route=\/wp\/v2\/users\/1"}],"replies":[{"embeddable":true,"href":"https:\/\/tv.utalca.cl\/index.php?rest_route=%2Fwp%2Fv2%2Fcomments&post=8077"}],"version-history":[{"count":1,"href":"https:\/\/tv.utalca.cl\/index.php?rest_route=\/wp\/v2\/posts\/8077\/revisions"}],"predecessor-version":[{"id":8083,"href":"https:\/\/tv.utalca.cl\/index.php?rest_route=\/wp\/v2\/posts\/8077\/revisions\/8083"}],"wp:featuredmedia":[{"embeddable":true,"href":"https:\/\/tv.utalca.cl\/index.php?rest_route=\/wp\/v2\/media\/8082"}],"wp:attachment":[{"href":"https:\/\/tv.utalca.cl\/index.php?rest_route=%2Fwp%2Fv2%2Fmedia&parent=8077"}],"wp:term":[{"taxonomy":"category","embeddable":true,"href":"https:\/\/tv.utalca.cl\/index.php?rest_route=%2Fwp%2Fv2%2Fcategories&post=8077"},{"taxonomy":"post_tag","embeddable":true,"href":"https:\/\/tv.utalca.cl\/index.php?rest_route=%2Fwp%2Fv2%2Ftags&post=8077"}],"curies":[{"name":"wp","href":"https:\/\/api.w.org\/{rel}","templated":true}]}}