{"id":8088,"date":"2020-12-22T17:31:24","date_gmt":"2020-12-22T20:31:24","guid":{"rendered":"https:\/\/tv.utalca.cl\/?p=8088"},"modified":"2025-04-11T13:06:08","modified_gmt":"2025-04-11T17:06:08","slug":"plantean-que-el-estado-debe-garantizar-la-proteccion-de-ninos-ninas-y-adolescentes","status":"publish","type":"post","link":"https:\/\/tv.utalca.cl\/?p=8088","title":{"rendered":"Plantean que el Estado debe garantizar la protecci\u00f3n de ni\u00f1os, ni\u00f1as y adolescentes"},"content":{"rendered":"<p>Isaac Ravetllat, director del Centro de Estudios sobre los Derechos de la Infancia y la Adolescencia (CEDIA) de la UTalca, se\u00f1al\u00f3 que la nueva Constituci\u00f3n debe integrar a lo largo de todo su articulado un enfoque de los derechos de la ni\u00f1ez.<\/p>\n","protected":false},"excerpt":{"rendered":"<p>Isaac Ravetllat, director del Centro de Estudios sobre los Derechos de la Infancia y la Adolescencia (CEDIA) de la UTalca, se\u00f1al\u00f3 que la nueva Constituci\u00f3n debe integrar a lo largo de todo su articulado un enfoque de los derechos de la ni\u00f1ez.<\/p>\n","protected":false},"author":1,"featured_media":8081,"comment_status":"closed","ping_status":"open","sticky":false,"template":"","format":"video","meta":{"om_disable_all_campaigns":false,"_monsterinsights_skip_tracking":false,"_monsterinsights_sitenote_active":false,"_monsterinsights_sitenote_note":"","_monsterinsights_sitenote_category":0,"footnotes":""},"categories":[93,92],"tags":[1113,1134,303,70],"class_list":["post-8088","post","type-post","status-publish","format-video","has-post-thumbnail","hentry","category-noticias","category-utalcatv-informa","tag-adolescentes","tag-derechos","tag-ninos","tag-utalca","post_format-post-format-video","slider-tags-campustv-informa","slider-tags-slider","slider-tags-titular"],"aioseo_notices":[],"_links":{"self":[{"href":"https:\/\/tv.utalca.cl\/index.php?rest_route=\/wp\/v2\/posts\/8088","targetHints":{"allow":["GET"]}}],"collection":[{"href":"https:\/\/tv.utalca.cl\/index.php?rest_route=\/wp\/v2\/posts"}],"about":[{"href":"https:\/\/tv.utalca.cl\/index.php?rest_route=\/wp\/v2\/types\/post"}],"author":[{"embeddable":true,"href":"https:\/\/tv.utalca.cl\/index.php?rest_route=\/wp\/v2\/users\/1"}],"replies":[{"embeddable":true,"href":"https:\/\/tv.utalca.cl\/index.php?rest_route=%2Fwp%2Fv2%2Fcomments&post=8088"}],"version-history":[{"count":1,"href":"https:\/\/tv.utalca.cl\/index.php?rest_route=\/wp\/v2\/posts\/8088\/revisions"}],"predecessor-version":[{"id":8089,"href":"https:\/\/tv.utalca.cl\/index.php?rest_route=\/wp\/v2\/posts\/8088\/revisions\/8089"}],"wp:featuredmedia":[{"embeddable":true,"href":"https:\/\/tv.utalca.cl\/index.php?rest_route=\/wp\/v2\/media\/8081"}],"wp:attachment":[{"href":"https:\/\/tv.utalca.cl\/index.php?rest_route=%2Fwp%2Fv2%2Fmedia&parent=8088"}],"wp:term":[{"taxonomy":"category","embeddable":true,"href":"https:\/\/tv.utalca.cl\/index.php?rest_route=%2Fwp%2Fv2%2Fcategories&post=8088"},{"taxonomy":"post_tag","embeddable":true,"href":"https:\/\/tv.utalca.cl\/index.php?rest_route=%2Fwp%2Fv2%2Ftags&post=8088"}],"curies":[{"name":"wp","href":"https:\/\/api.w.org\/{rel}","templated":true}]}}