{"id":8187,"date":"2021-01-07T09:43:10","date_gmt":"2021-01-07T12:43:10","guid":{"rendered":"https:\/\/tv.utalca.cl\/?p=8187"},"modified":"2025-04-11T13:06:07","modified_gmt":"2025-04-11T17:06:07","slug":"utalca-contigo-proceso-de-admision-2021-que-viene-luego-de-la-prueba-de-transicion","status":"publish","type":"post","link":"https:\/\/tv.utalca.cl\/?p=8187","title":{"rendered":"UTalca Contigo: Proceso de Admisi\u00f3n 2021: \u00bfQu\u00e9 viene luego de la Prueba de Transici\u00f3n?"},"content":{"rendered":"<p>\u00bfCu\u00e1ndo estar\u00e1n los resultados de la prueba? \u00bfC\u00f3mo postular? \u00bfC\u00f3mo ser\u00e1 la matr\u00edcula este a\u00f1o? \u00bfqu\u00e9 documentos debo considerar? Tania Mascar\u00f3, Coordinadora de la Unidad de Vinculaci\u00f3n con el Sistema Escolar de la UTalca, responde todas estas inquietudes.<\/p>\n","protected":false},"excerpt":{"rendered":"<p>\u00bfCu\u00e1ndo estar\u00e1n los resultados de la prueba? \u00bfC\u00f3mo postular? \u00bfC\u00f3mo ser\u00e1 la matr\u00edcula este a\u00f1o? \u00bfqu\u00e9 documentos debo considerar? Tania Mascar\u00f3, Coordinadora de la Unidad de Vinculaci\u00f3n con el Sistema Escolar de la UTalca, responde todas estas inquietudes.<\/p>\n","protected":false},"author":1,"featured_media":8188,"comment_status":"closed","ping_status":"open","sticky":false,"template":"","format":"video","meta":{"om_disable_all_campaigns":false,"_monsterinsights_skip_tracking":false,"_monsterinsights_sitenote_active":false,"_monsterinsights_sitenote_note":"","_monsterinsights_sitenote_category":0,"footnotes":""},"categories":[112,2075],"tags":[2088,1935,2076],"class_list":["post-8187","post","type-post","status-publish","format-video","has-post-thumbnail","hentry","category-programa","category-utalca-contigo","tag-pdt","tag-ptu","tag-utalca-contigo","post_format-post-format-video","slider-tags-slider","slider-tags-utalca-contigo"],"aioseo_notices":[],"_links":{"self":[{"href":"https:\/\/tv.utalca.cl\/index.php?rest_route=\/wp\/v2\/posts\/8187","targetHints":{"allow":["GET"]}}],"collection":[{"href":"https:\/\/tv.utalca.cl\/index.php?rest_route=\/wp\/v2\/posts"}],"about":[{"href":"https:\/\/tv.utalca.cl\/index.php?rest_route=\/wp\/v2\/types\/post"}],"author":[{"embeddable":true,"href":"https:\/\/tv.utalca.cl\/index.php?rest_route=\/wp\/v2\/users\/1"}],"replies":[{"embeddable":true,"href":"https:\/\/tv.utalca.cl\/index.php?rest_route=%2Fwp%2Fv2%2Fcomments&post=8187"}],"version-history":[{"count":1,"href":"https:\/\/tv.utalca.cl\/index.php?rest_route=\/wp\/v2\/posts\/8187\/revisions"}],"predecessor-version":[{"id":8190,"href":"https:\/\/tv.utalca.cl\/index.php?rest_route=\/wp\/v2\/posts\/8187\/revisions\/8190"}],"wp:featuredmedia":[{"embeddable":true,"href":"https:\/\/tv.utalca.cl\/index.php?rest_route=\/wp\/v2\/media\/8188"}],"wp:attachment":[{"href":"https:\/\/tv.utalca.cl\/index.php?rest_route=%2Fwp%2Fv2%2Fmedia&parent=8187"}],"wp:term":[{"taxonomy":"category","embeddable":true,"href":"https:\/\/tv.utalca.cl\/index.php?rest_route=%2Fwp%2Fv2%2Fcategories&post=8187"},{"taxonomy":"post_tag","embeddable":true,"href":"https:\/\/tv.utalca.cl\/index.php?rest_route=%2Fwp%2Fv2%2Ftags&post=8187"}],"curies":[{"name":"wp","href":"https:\/\/api.w.org\/{rel}","templated":true}]}}