{"id":8238,"date":"2021-01-20T19:10:30","date_gmt":"2021-01-20T22:10:30","guid":{"rendered":"https:\/\/tv.utalca.cl\/?p=8238"},"modified":"2025-04-11T13:10:59","modified_gmt":"2025-04-11T17:10:59","slug":"congreso-futuro-2021-panel-region-del-maule-chile-2056-ciudadanos-y-sistemas-inteligentes","status":"publish","type":"post","link":"https:\/\/tv.utalca.cl\/?p=8238","title":{"rendered":"Congreso Futuro 2021: Chile 2056, Ciudadanos y Sistemas Inteligentes"},"content":{"rendered":"<p>Panel Regi\u00f3n del Maule.<\/p>\n<p>Exponen:<br \/>\n&#8211; Dr. Jaime Moreno, IBM: &#8220;Datos, supercomputaci\u00f3n, sistemas cognitivos, COVID19&#8221;.<br \/>\n&#8211; Dr. Ruber Hern\u00e1ndez, UCM: \u201cSupercomputaci\u00f3n + IA: Un mundo dominado por datos\u201d.<br \/>\n&#8211; Dr. Martin Schaffernicht, UTalca: &#8220;La brecha de inteligencia y c\u00f3mo reducirla&#8221;.<\/p>\n<p>Modera:<br \/>\n&#8211; Dra. Karin Saavedra, Ingeniera Civil Aeroespacial, acad\u00e9mica UTalca.<\/p>\n","protected":false},"excerpt":{"rendered":"<p>Panel Regi\u00f3n del Maule. Exponen: &#8211; Dr. Jaime Moreno, IBM: &#8220;Datos, supercomputaci\u00f3n, sistemas cognitivos, COVID19&#8221;. &#8211; Dr. Ruber Hern\u00e1ndez, UCM: \u201cSupercomputaci\u00f3n + IA: Un mundo dominado por datos\u201d. &#8211; Dr. Martin Schaffernicht, UTalca: &#8220;La brecha de inteligencia y c\u00f3mo reducirla&#8221;. Modera: &#8211; Dra. Karin Saavedra, Ingeniera Civil Aeroespacial, acad\u00e9mica UTalca.<\/p>\n","protected":false},"author":1,"featured_media":8239,"comment_status":"closed","ping_status":"open","sticky":false,"template":"","format":"video","meta":{"om_disable_all_campaigns":false,"_monsterinsights_skip_tracking":false,"_monsterinsights_sitenote_active":false,"_monsterinsights_sitenote_note":"","_monsterinsights_sitenote_category":0,"footnotes":""},"categories":[577,2211,2212],"tags":[2098,426,81,1467,70],"class_list":["post-8238","post","type-post","status-publish","format-video","has-post-thumbnail","hentry","category-especiales-utalcatv","category-streaming","category-vivo","tag-chile-2056","tag-congreso-futuro","tag-region-del-maule","tag-ucm","tag-utalca","post_format-post-format-video","slider-tags-especiales-campustv","slider-tags-slider"],"aioseo_notices":[],"_links":{"self":[{"href":"https:\/\/tv.utalca.cl\/index.php?rest_route=\/wp\/v2\/posts\/8238","targetHints":{"allow":["GET"]}}],"collection":[{"href":"https:\/\/tv.utalca.cl\/index.php?rest_route=\/wp\/v2\/posts"}],"about":[{"href":"https:\/\/tv.utalca.cl\/index.php?rest_route=\/wp\/v2\/types\/post"}],"author":[{"embeddable":true,"href":"https:\/\/tv.utalca.cl\/index.php?rest_route=\/wp\/v2\/users\/1"}],"replies":[{"embeddable":true,"href":"https:\/\/tv.utalca.cl\/index.php?rest_route=%2Fwp%2Fv2%2Fcomments&post=8238"}],"version-history":[{"count":3,"href":"https:\/\/tv.utalca.cl\/index.php?rest_route=\/wp\/v2\/posts\/8238\/revisions"}],"predecessor-version":[{"id":13460,"href":"https:\/\/tv.utalca.cl\/index.php?rest_route=\/wp\/v2\/posts\/8238\/revisions\/13460"}],"wp:featuredmedia":[{"embeddable":true,"href":"https:\/\/tv.utalca.cl\/index.php?rest_route=\/wp\/v2\/media\/8239"}],"wp:attachment":[{"href":"https:\/\/tv.utalca.cl\/index.php?rest_route=%2Fwp%2Fv2%2Fmedia&parent=8238"}],"wp:term":[{"taxonomy":"category","embeddable":true,"href":"https:\/\/tv.utalca.cl\/index.php?rest_route=%2Fwp%2Fv2%2Fcategories&post=8238"},{"taxonomy":"post_tag","embeddable":true,"href":"https:\/\/tv.utalca.cl\/index.php?rest_route=%2Fwp%2Fv2%2Ftags&post=8238"}],"curies":[{"name":"wp","href":"https:\/\/api.w.org\/{rel}","templated":true}]}}