{"id":8511,"date":"2021-04-09T10:01:39","date_gmt":"2021-04-09T14:01:39","guid":{"rendered":"https:\/\/tv.utalca.cl\/?p=8511"},"modified":"2025-10-27T08:41:17","modified_gmt":"2025-10-27T11:41:17","slug":"ceremonia-inicio-an%cc%83o-academico-utalca-2021","status":"publish","type":"post","link":"https:\/\/tv.utalca.cl\/?p=8511","title":{"rendered":"Ceremonia Inicio An\u0303o Acad\u00e9mico UTalca 2021"},"content":{"rendered":"<p>Revive la Ceremonia de Inicio de A\u00f1o Acad\u00e9mico de la Instituci\u00f3n a. En la ocasi\u00f3n, el presidente del directorio de PF recibi\u00f3 la Medalla Al M\u00e9rito Abate Juan Ignacio Molina, adem\u00e1s Le\u00f3n Cohen realiz\u00f3 la charla magistral &#8220;La Universidad y los desaf\u00edos postpandemia\u201d.<\/p>\n","protected":false},"excerpt":{"rendered":"<p>Revive la Ceremonia de Inicio de A\u00f1o Acad\u00e9mico de la Instituci\u00f3n a. En la ocasi\u00f3n, el presidente del directorio de PF recibi\u00f3 la Medalla Al M\u00e9rito Abate Juan Ignacio Molina, adem\u00e1s Le\u00f3n Cohen realiz\u00f3 la charla magistral &#8220;La Universidad y los desaf\u00edos postpandemia\u201d.<\/p>\n","protected":false},"author":1,"featured_media":8512,"comment_status":"closed","ping_status":"open","sticky":false,"template":"","format":"video","meta":{"om_disable_all_campaigns":false,"_monsterinsights_skip_tracking":false,"_monsterinsights_sitenote_active":false,"_monsterinsights_sitenote_note":"","_monsterinsights_sitenote_category":0,"footnotes":""},"categories":[2334,1152],"tags":[578],"class_list":["post-8511","post","type-post","status-publish","format-video","has-post-thumbnail","hentry","category-videos-corporativos","category-videos-utalca","tag-inicio-ano-academico","post_format-post-format-video","slider-tags-slider"],"aioseo_notices":[],"_links":{"self":[{"href":"https:\/\/tv.utalca.cl\/index.php?rest_route=\/wp\/v2\/posts\/8511","targetHints":{"allow":["GET"]}}],"collection":[{"href":"https:\/\/tv.utalca.cl\/index.php?rest_route=\/wp\/v2\/posts"}],"about":[{"href":"https:\/\/tv.utalca.cl\/index.php?rest_route=\/wp\/v2\/types\/post"}],"author":[{"embeddable":true,"href":"https:\/\/tv.utalca.cl\/index.php?rest_route=\/wp\/v2\/users\/1"}],"replies":[{"embeddable":true,"href":"https:\/\/tv.utalca.cl\/index.php?rest_route=%2Fwp%2Fv2%2Fcomments&post=8511"}],"version-history":[{"count":1,"href":"https:\/\/tv.utalca.cl\/index.php?rest_route=\/wp\/v2\/posts\/8511\/revisions"}],"predecessor-version":[{"id":8513,"href":"https:\/\/tv.utalca.cl\/index.php?rest_route=\/wp\/v2\/posts\/8511\/revisions\/8513"}],"wp:featuredmedia":[{"embeddable":true,"href":"https:\/\/tv.utalca.cl\/index.php?rest_route=\/wp\/v2\/media\/8512"}],"wp:attachment":[{"href":"https:\/\/tv.utalca.cl\/index.php?rest_route=%2Fwp%2Fv2%2Fmedia&parent=8511"}],"wp:term":[{"taxonomy":"category","embeddable":true,"href":"https:\/\/tv.utalca.cl\/index.php?rest_route=%2Fwp%2Fv2%2Fcategories&post=8511"},{"taxonomy":"post_tag","embeddable":true,"href":"https:\/\/tv.utalca.cl\/index.php?rest_route=%2Fwp%2Fv2%2Ftags&post=8511"}],"curies":[{"name":"wp","href":"https:\/\/api.w.org\/{rel}","templated":true}]}}