{"id":8710,"date":"2021-05-14T10:55:36","date_gmt":"2021-05-14T14:55:36","guid":{"rendered":"https:\/\/tv.utalca.cl\/?p=8710"},"modified":"2025-06-02T09:05:57","modified_gmt":"2025-06-02T13:05:57","slug":"arquitecturas-del-territorio-refugio-el-descanso-del-arriero","status":"publish","type":"post","link":"https:\/\/tv.utalca.cl\/?p=8710","title":{"rendered":"Arquitecturas del Territorio: Refugio, el descanso del arriero"},"content":{"rendered":"<p>El proyecto que se realiz\u00f3 en la cordillera de Romeral, busca beneficiar a los arrieros de la Regi\u00f3n del Maule, que forman parte de la cultura popular. Esta obra fue fabricada con materiales reciclados y considera adem\u00e1s la forma de construir de estos hombres de monta\u00f1a.<\/p>\n","protected":false},"excerpt":{"rendered":"<p>El proyecto que se realiz\u00f3 en la cordillera de Romeral, busca beneficiar a los arrieros de la Regi\u00f3n del Maule, que forman parte de la cultura popular. Esta obra fue fabricada con materiales reciclados y considera adem\u00e1s la forma de construir de estos hombres de monta\u00f1a.<\/p>\n","protected":false},"author":1,"featured_media":8711,"comment_status":"closed","ping_status":"open","sticky":false,"template":"","format":"video","meta":{"om_disable_all_campaigns":false,"_monsterinsights_skip_tracking":false,"_monsterinsights_sitenote_active":false,"_monsterinsights_sitenote_note":"","_monsterinsights_sitenote_category":0,"footnotes":""},"categories":[2119,112,2265],"tags":[],"class_list":["post-8710","post","type-post","status-publish","format-video","has-post-thumbnail","hentry","category-arquitecturas-del-territorio","category-programa","category-temporada1","post_format-post-format-video","slider-tags-arquitecturas-del-territorio","slider-tags-slider"],"aioseo_notices":[],"_links":{"self":[{"href":"https:\/\/tv.utalca.cl\/index.php?rest_route=\/wp\/v2\/posts\/8710","targetHints":{"allow":["GET"]}}],"collection":[{"href":"https:\/\/tv.utalca.cl\/index.php?rest_route=\/wp\/v2\/posts"}],"about":[{"href":"https:\/\/tv.utalca.cl\/index.php?rest_route=\/wp\/v2\/types\/post"}],"author":[{"embeddable":true,"href":"https:\/\/tv.utalca.cl\/index.php?rest_route=\/wp\/v2\/users\/1"}],"replies":[{"embeddable":true,"href":"https:\/\/tv.utalca.cl\/index.php?rest_route=%2Fwp%2Fv2%2Fcomments&post=8710"}],"version-history":[{"count":1,"href":"https:\/\/tv.utalca.cl\/index.php?rest_route=\/wp\/v2\/posts\/8710\/revisions"}],"predecessor-version":[{"id":8712,"href":"https:\/\/tv.utalca.cl\/index.php?rest_route=\/wp\/v2\/posts\/8710\/revisions\/8712"}],"wp:featuredmedia":[{"embeddable":true,"href":"https:\/\/tv.utalca.cl\/index.php?rest_route=\/wp\/v2\/media\/8711"}],"wp:attachment":[{"href":"https:\/\/tv.utalca.cl\/index.php?rest_route=%2Fwp%2Fv2%2Fmedia&parent=8710"}],"wp:term":[{"taxonomy":"category","embeddable":true,"href":"https:\/\/tv.utalca.cl\/index.php?rest_route=%2Fwp%2Fv2%2Fcategories&post=8710"},{"taxonomy":"post_tag","embeddable":true,"href":"https:\/\/tv.utalca.cl\/index.php?rest_route=%2Fwp%2Fv2%2Ftags&post=8710"}],"curies":[{"name":"wp","href":"https:\/\/api.w.org\/{rel}","templated":true}]}}