{"id":8790,"date":"2021-06-04T11:44:52","date_gmt":"2021-06-04T15:44:52","guid":{"rendered":"https:\/\/tv.utalca.cl\/?p=8790"},"modified":"2025-06-02T09:05:57","modified_gmt":"2025-06-02T13:05:57","slug":"arquitecturas-del-territorio-pabellon-inclusivo-para-equinoterapia","status":"publish","type":"post","link":"https:\/\/tv.utalca.cl\/?p=8790","title":{"rendered":"Arquitecturas del Territorio: Pabell\u00f3n inclusivo para equinoterapia"},"content":{"rendered":"<p>Este proyecto, que est\u00e1 en Molina, busca beneficiar a ni\u00f1os y ni\u00f1as con discapacidad f\u00edsica o cognitiva.<\/p>\n","protected":false},"excerpt":{"rendered":"<p>Este proyecto, que est\u00e1 en Molina, busca beneficiar a ni\u00f1os y ni\u00f1as con discapacidad f\u00edsica o cognitiva.<\/p>\n","protected":false},"author":1,"featured_media":8793,"comment_status":"closed","ping_status":"open","sticky":false,"template":"","format":"video","meta":{"om_disable_all_campaigns":false,"_monsterinsights_skip_tracking":false,"_monsterinsights_sitenote_active":false,"_monsterinsights_sitenote_note":"","_monsterinsights_sitenote_category":0,"footnotes":""},"categories":[2119,112,2265],"tags":[],"class_list":["post-8790","post","type-post","status-publish","format-video","has-post-thumbnail","hentry","category-arquitecturas-del-territorio","category-programa","category-temporada1","post_format-post-format-video","slider-tags-arquitecturas-del-territorio","slider-tags-slider","slider-tags-titular"],"aioseo_notices":[],"_links":{"self":[{"href":"https:\/\/tv.utalca.cl\/index.php?rest_route=\/wp\/v2\/posts\/8790","targetHints":{"allow":["GET"]}}],"collection":[{"href":"https:\/\/tv.utalca.cl\/index.php?rest_route=\/wp\/v2\/posts"}],"about":[{"href":"https:\/\/tv.utalca.cl\/index.php?rest_route=\/wp\/v2\/types\/post"}],"author":[{"embeddable":true,"href":"https:\/\/tv.utalca.cl\/index.php?rest_route=\/wp\/v2\/users\/1"}],"replies":[{"embeddable":true,"href":"https:\/\/tv.utalca.cl\/index.php?rest_route=%2Fwp%2Fv2%2Fcomments&post=8790"}],"version-history":[{"count":1,"href":"https:\/\/tv.utalca.cl\/index.php?rest_route=\/wp\/v2\/posts\/8790\/revisions"}],"predecessor-version":[{"id":8792,"href":"https:\/\/tv.utalca.cl\/index.php?rest_route=\/wp\/v2\/posts\/8790\/revisions\/8792"}],"wp:featuredmedia":[{"embeddable":true,"href":"https:\/\/tv.utalca.cl\/index.php?rest_route=\/wp\/v2\/media\/8793"}],"wp:attachment":[{"href":"https:\/\/tv.utalca.cl\/index.php?rest_route=%2Fwp%2Fv2%2Fmedia&parent=8790"}],"wp:term":[{"taxonomy":"category","embeddable":true,"href":"https:\/\/tv.utalca.cl\/index.php?rest_route=%2Fwp%2Fv2%2Fcategories&post=8790"},{"taxonomy":"post_tag","embeddable":true,"href":"https:\/\/tv.utalca.cl\/index.php?rest_route=%2Fwp%2Fv2%2Ftags&post=8790"}],"curies":[{"name":"wp","href":"https:\/\/api.w.org\/{rel}","templated":true}]}}