{"id":8942,"date":"2021-06-22T16:51:20","date_gmt":"2021-06-22T20:51:20","guid":{"rendered":"https:\/\/tv.utalca.cl\/?p=8942"},"modified":"2025-04-11T13:12:02","modified_gmt":"2025-04-11T17:12:02","slug":"fatiga-pandemica-podria-contribuir-al-aumento-de-casos-de-covid-19","status":"publish","type":"post","link":"https:\/\/tv.utalca.cl\/?p=8942","title":{"rendered":"Fatiga pand\u00e9mica podr\u00eda contribuir al aumento de casos de COVID-19"},"content":{"rendered":"<p>Erika Retamal, directora del Departamento de Salud P\u00fablica de la UTalca, se\u00f1al\u00f3 que es fundamental que las autoridades sanitarias insistan en un mensaje directo a los ciudadanos.<\/p>\n","protected":false},"excerpt":{"rendered":"<p>Erika Retamal, directora del Departamento de Salud P\u00fablica de la UTalca, se\u00f1al\u00f3 que es fundamental que las autoridades sanitarias insistan en un mensaje directo a los ciudadanos.<\/p>\n","protected":false},"author":1,"featured_media":8945,"comment_status":"closed","ping_status":"open","sticky":false,"template":"","format":"video","meta":{"om_disable_all_campaigns":false,"_monsterinsights_skip_tracking":false,"_monsterinsights_sitenote_active":false,"_monsterinsights_sitenote_note":"","_monsterinsights_sitenote_category":0,"footnotes":""},"categories":[93,92],"tags":[],"class_list":["post-8942","post","type-post","status-publish","format-video","has-post-thumbnail","hentry","category-noticias","category-utalcatv-informa","post_format-post-format-video","slider-tags-campustv-informa","slider-tags-slider","slider-tags-titular"],"aioseo_notices":[],"_links":{"self":[{"href":"https:\/\/tv.utalca.cl\/index.php?rest_route=\/wp\/v2\/posts\/8942","targetHints":{"allow":["GET"]}}],"collection":[{"href":"https:\/\/tv.utalca.cl\/index.php?rest_route=\/wp\/v2\/posts"}],"about":[{"href":"https:\/\/tv.utalca.cl\/index.php?rest_route=\/wp\/v2\/types\/post"}],"author":[{"embeddable":true,"href":"https:\/\/tv.utalca.cl\/index.php?rest_route=\/wp\/v2\/users\/1"}],"replies":[{"embeddable":true,"href":"https:\/\/tv.utalca.cl\/index.php?rest_route=%2Fwp%2Fv2%2Fcomments&post=8942"}],"version-history":[{"count":1,"href":"https:\/\/tv.utalca.cl\/index.php?rest_route=\/wp\/v2\/posts\/8942\/revisions"}],"predecessor-version":[{"id":8944,"href":"https:\/\/tv.utalca.cl\/index.php?rest_route=\/wp\/v2\/posts\/8942\/revisions\/8944"}],"wp:featuredmedia":[{"embeddable":true,"href":"https:\/\/tv.utalca.cl\/index.php?rest_route=\/wp\/v2\/media\/8945"}],"wp:attachment":[{"href":"https:\/\/tv.utalca.cl\/index.php?rest_route=%2Fwp%2Fv2%2Fmedia&parent=8942"}],"wp:term":[{"taxonomy":"category","embeddable":true,"href":"https:\/\/tv.utalca.cl\/index.php?rest_route=%2Fwp%2Fv2%2Fcategories&post=8942"},{"taxonomy":"post_tag","embeddable":true,"href":"https:\/\/tv.utalca.cl\/index.php?rest_route=%2Fwp%2Fv2%2Ftags&post=8942"}],"curies":[{"name":"wp","href":"https:\/\/api.w.org\/{rel}","templated":true}]}}