{"id":9096,"date":"2021-07-07T17:39:20","date_gmt":"2021-07-07T21:39:20","guid":{"rendered":"https:\/\/tv.utalca.cl\/?p=9096"},"modified":"2025-04-11T13:12:01","modified_gmt":"2025-04-11T17:12:01","slug":"cuales-seran-las-funciones-del-delegado-presidencial-regional","status":"publish","type":"post","link":"https:\/\/tv.utalca.cl\/?p=9096","title":{"rendered":"\u00bfCu\u00e1les ser\u00e1n las funciones del delegado presidencial regional?"},"content":{"rendered":"<p>Con la elecci\u00f3n del gobernador regional, se acaba la figura del intendente y en su reemplazo se crea este cargo nuevo, persona que ser\u00e1 designada por el Presidente de la Rep\u00fablica.<\/p>\n","protected":false},"excerpt":{"rendered":"<p>Con la elecci\u00f3n del gobernador regional, se acaba la figura del intendente y en su reemplazo se crea este cargo nuevo, persona que ser\u00e1 designada por el Presidente de la Rep\u00fablica.<\/p>\n","protected":false},"author":1,"featured_media":9097,"comment_status":"closed","ping_status":"open","sticky":false,"template":"","format":"video","meta":{"om_disable_all_campaigns":false,"_monsterinsights_skip_tracking":false,"_monsterinsights_sitenote_active":false,"_monsterinsights_sitenote_note":"","_monsterinsights_sitenote_category":0,"footnotes":""},"categories":[93,92],"tags":[],"class_list":["post-9096","post","type-post","status-publish","format-video","has-post-thumbnail","hentry","category-noticias","category-utalcatv-informa","post_format-post-format-video","slider-tags-campustv-informa","slider-tags-slider","slider-tags-titular"],"aioseo_notices":[],"_links":{"self":[{"href":"https:\/\/tv.utalca.cl\/index.php?rest_route=\/wp\/v2\/posts\/9096","targetHints":{"allow":["GET"]}}],"collection":[{"href":"https:\/\/tv.utalca.cl\/index.php?rest_route=\/wp\/v2\/posts"}],"about":[{"href":"https:\/\/tv.utalca.cl\/index.php?rest_route=\/wp\/v2\/types\/post"}],"author":[{"embeddable":true,"href":"https:\/\/tv.utalca.cl\/index.php?rest_route=\/wp\/v2\/users\/1"}],"replies":[{"embeddable":true,"href":"https:\/\/tv.utalca.cl\/index.php?rest_route=%2Fwp%2Fv2%2Fcomments&post=9096"}],"version-history":[{"count":1,"href":"https:\/\/tv.utalca.cl\/index.php?rest_route=\/wp\/v2\/posts\/9096\/revisions"}],"predecessor-version":[{"id":9098,"href":"https:\/\/tv.utalca.cl\/index.php?rest_route=\/wp\/v2\/posts\/9096\/revisions\/9098"}],"wp:featuredmedia":[{"embeddable":true,"href":"https:\/\/tv.utalca.cl\/index.php?rest_route=\/wp\/v2\/media\/9097"}],"wp:attachment":[{"href":"https:\/\/tv.utalca.cl\/index.php?rest_route=%2Fwp%2Fv2%2Fmedia&parent=9096"}],"wp:term":[{"taxonomy":"category","embeddable":true,"href":"https:\/\/tv.utalca.cl\/index.php?rest_route=%2Fwp%2Fv2%2Fcategories&post=9096"},{"taxonomy":"post_tag","embeddable":true,"href":"https:\/\/tv.utalca.cl\/index.php?rest_route=%2Fwp%2Fv2%2Ftags&post=9096"}],"curies":[{"name":"wp","href":"https:\/\/api.w.org\/{rel}","templated":true}]}}