{"id":9103,"date":"2021-07-09T14:04:19","date_gmt":"2021-07-09T18:04:19","guid":{"rendered":"https:\/\/tv.utalca.cl\/?p=9103"},"modified":"2025-04-11T13:12:01","modified_gmt":"2025-04-11T17:12:01","slug":"que-se-vota-y-quienes-pueden-participar-de-las-primarias-presidenciales","status":"publish","type":"post","link":"https:\/\/tv.utalca.cl\/?p=9103","title":{"rendered":"\u00bfQu\u00e9 se vota y quienes pueden participar de las primarias presidenciales?"},"content":{"rendered":"<p>El 18 de julio se realizar\u00e1n estas elecciones d\u00f3nde participan precandidatos de dos pactos, durante esa jornada la ciudadan\u00eda deber\u00e1 escoger los nombres de quienes estar\u00e1n en la papeleta en noviembre.<\/p>\n","protected":false},"excerpt":{"rendered":"<p>El 18 de julio se realizar\u00e1n estas elecciones d\u00f3nde participan precandidatos de dos pactos, durante esa jornada la ciudadan\u00eda deber\u00e1 escoger los nombres de quienes estar\u00e1n en la papeleta en noviembre.<\/p>\n","protected":false},"author":1,"featured_media":9104,"comment_status":"closed","ping_status":"open","sticky":false,"template":"","format":"video","meta":{"om_disable_all_campaigns":false,"_monsterinsights_skip_tracking":false,"_monsterinsights_sitenote_active":false,"_monsterinsights_sitenote_note":"","_monsterinsights_sitenote_category":0,"footnotes":""},"categories":[93,92],"tags":[],"class_list":["post-9103","post","type-post","status-publish","format-video","has-post-thumbnail","hentry","category-noticias","category-utalcatv-informa","post_format-post-format-video","slider-tags-campustv-informa","slider-tags-slider","slider-tags-titular"],"aioseo_notices":[],"_links":{"self":[{"href":"https:\/\/tv.utalca.cl\/index.php?rest_route=\/wp\/v2\/posts\/9103","targetHints":{"allow":["GET"]}}],"collection":[{"href":"https:\/\/tv.utalca.cl\/index.php?rest_route=\/wp\/v2\/posts"}],"about":[{"href":"https:\/\/tv.utalca.cl\/index.php?rest_route=\/wp\/v2\/types\/post"}],"author":[{"embeddable":true,"href":"https:\/\/tv.utalca.cl\/index.php?rest_route=\/wp\/v2\/users\/1"}],"replies":[{"embeddable":true,"href":"https:\/\/tv.utalca.cl\/index.php?rest_route=%2Fwp%2Fv2%2Fcomments&post=9103"}],"version-history":[{"count":1,"href":"https:\/\/tv.utalca.cl\/index.php?rest_route=\/wp\/v2\/posts\/9103\/revisions"}],"predecessor-version":[{"id":9105,"href":"https:\/\/tv.utalca.cl\/index.php?rest_route=\/wp\/v2\/posts\/9103\/revisions\/9105"}],"wp:featuredmedia":[{"embeddable":true,"href":"https:\/\/tv.utalca.cl\/index.php?rest_route=\/wp\/v2\/media\/9104"}],"wp:attachment":[{"href":"https:\/\/tv.utalca.cl\/index.php?rest_route=%2Fwp%2Fv2%2Fmedia&parent=9103"}],"wp:term":[{"taxonomy":"category","embeddable":true,"href":"https:\/\/tv.utalca.cl\/index.php?rest_route=%2Fwp%2Fv2%2Fcategories&post=9103"},{"taxonomy":"post_tag","embeddable":true,"href":"https:\/\/tv.utalca.cl\/index.php?rest_route=%2Fwp%2Fv2%2Ftags&post=9103"}],"curies":[{"name":"wp","href":"https:\/\/api.w.org\/{rel}","templated":true}]}}