{"id":9143,"date":"2021-07-30T18:05:46","date_gmt":"2021-07-30T22:05:46","guid":{"rendered":"https:\/\/tv.utalca.cl\/?p=9143"},"modified":"2025-04-11T13:12:00","modified_gmt":"2025-04-11T17:12:00","slug":"hablemos-de-salud-publica-ventilacion-y-limpieza-como-medida-preventiva-frente-al-coronavirus","status":"publish","type":"post","link":"https:\/\/tv.utalca.cl\/?p=9143","title":{"rendered":"Hablemos de Salud P\u00fablica: Ventilaci\u00f3n y limpieza como medida preventiva frente al coronavirus"},"content":{"rendered":"<p>En este cap\u00edtulo, Macarena Said, acad\u00e9mica del Departamento de Salud P\u00fablica de la UTalca entrega una serie de recomendaciones que se pueden adoptar en casa y as\u00ed evitar los contagios de Covid-19.<\/p>\n","protected":false},"excerpt":{"rendered":"<p>En este cap\u00edtulo, Macarena Said, acad\u00e9mica del Departamento de Salud P\u00fablica de la UTalca entrega una serie de recomendaciones que se pueden adoptar en casa y as\u00ed evitar los contagios de Covid-19.<\/p>\n","protected":false},"author":1,"featured_media":9144,"comment_status":"closed","ping_status":"open","sticky":false,"template":"","format":"video","meta":{"om_disable_all_campaigns":false,"_monsterinsights_skip_tracking":false,"_monsterinsights_sitenote_active":false,"_monsterinsights_sitenote_note":"","_monsterinsights_sitenote_category":0,"footnotes":""},"categories":[1527,112],"tags":[],"class_list":["post-9143","post","type-post","status-publish","format-video","has-post-thumbnail","hentry","category-hablemos-de-salud","category-programa","post_format-post-format-video","slider-tags-hablemos-de-salud","slider-tags-slider"],"aioseo_notices":[],"_links":{"self":[{"href":"https:\/\/tv.utalca.cl\/index.php?rest_route=\/wp\/v2\/posts\/9143","targetHints":{"allow":["GET"]}}],"collection":[{"href":"https:\/\/tv.utalca.cl\/index.php?rest_route=\/wp\/v2\/posts"}],"about":[{"href":"https:\/\/tv.utalca.cl\/index.php?rest_route=\/wp\/v2\/types\/post"}],"author":[{"embeddable":true,"href":"https:\/\/tv.utalca.cl\/index.php?rest_route=\/wp\/v2\/users\/1"}],"replies":[{"embeddable":true,"href":"https:\/\/tv.utalca.cl\/index.php?rest_route=%2Fwp%2Fv2%2Fcomments&post=9143"}],"version-history":[{"count":1,"href":"https:\/\/tv.utalca.cl\/index.php?rest_route=\/wp\/v2\/posts\/9143\/revisions"}],"predecessor-version":[{"id":9145,"href":"https:\/\/tv.utalca.cl\/index.php?rest_route=\/wp\/v2\/posts\/9143\/revisions\/9145"}],"wp:featuredmedia":[{"embeddable":true,"href":"https:\/\/tv.utalca.cl\/index.php?rest_route=\/wp\/v2\/media\/9144"}],"wp:attachment":[{"href":"https:\/\/tv.utalca.cl\/index.php?rest_route=%2Fwp%2Fv2%2Fmedia&parent=9143"}],"wp:term":[{"taxonomy":"category","embeddable":true,"href":"https:\/\/tv.utalca.cl\/index.php?rest_route=%2Fwp%2Fv2%2Fcategories&post=9143"},{"taxonomy":"post_tag","embeddable":true,"href":"https:\/\/tv.utalca.cl\/index.php?rest_route=%2Fwp%2Fv2%2Ftags&post=9143"}],"curies":[{"name":"wp","href":"https:\/\/api.w.org\/{rel}","templated":true}]}}