{"id":9227,"date":"2021-08-13T15:12:24","date_gmt":"2021-08-13T19:12:24","guid":{"rendered":"https:\/\/tv.utalca.cl\/?p=9227"},"modified":"2025-04-11T13:11:59","modified_gmt":"2025-04-11T17:11:59","slug":"experto-llama-a-la-cautela-y-a-mantener-los-cuidados-ante-proximas-fiestas-patrias","status":"publish","type":"post","link":"https:\/\/tv.utalca.cl\/?p=9227","title":{"rendered":"Experto llama a la cautela y a mantener los cuidados ante pr\u00f3ximas Fiestas Patrias"},"content":{"rendered":"<p>El epidemi\u00f3logo Daniel Jim\u00e9nez, afirm\u00f3 que a pesar de los indicadores positivos de los contagios de COVID-19 durante los \u00faltimos d\u00edas, es necesario reducir los riesgos.<\/p>\n","protected":false},"excerpt":{"rendered":"<p>El epidemi\u00f3logo Daniel Jim\u00e9nez, afirm\u00f3 que a pesar de los indicadores positivos de los contagios de COVID-19 durante los \u00faltimos d\u00edas, es necesario reducir los riesgos.<\/p>\n","protected":false},"author":1,"featured_media":9228,"comment_status":"closed","ping_status":"open","sticky":false,"template":"","format":"video","meta":{"om_disable_all_campaigns":false,"_monsterinsights_skip_tracking":false,"_monsterinsights_sitenote_active":false,"_monsterinsights_sitenote_note":"","_monsterinsights_sitenote_category":0,"footnotes":""},"categories":[93,92],"tags":[],"class_list":["post-9227","post","type-post","status-publish","format-video","has-post-thumbnail","hentry","category-noticias","category-utalcatv-informa","post_format-post-format-video","slider-tags-campustv-informa","slider-tags-slider","slider-tags-titular"],"aioseo_notices":[],"_links":{"self":[{"href":"https:\/\/tv.utalca.cl\/index.php?rest_route=\/wp\/v2\/posts\/9227","targetHints":{"allow":["GET"]}}],"collection":[{"href":"https:\/\/tv.utalca.cl\/index.php?rest_route=\/wp\/v2\/posts"}],"about":[{"href":"https:\/\/tv.utalca.cl\/index.php?rest_route=\/wp\/v2\/types\/post"}],"author":[{"embeddable":true,"href":"https:\/\/tv.utalca.cl\/index.php?rest_route=\/wp\/v2\/users\/1"}],"replies":[{"embeddable":true,"href":"https:\/\/tv.utalca.cl\/index.php?rest_route=%2Fwp%2Fv2%2Fcomments&post=9227"}],"version-history":[{"count":1,"href":"https:\/\/tv.utalca.cl\/index.php?rest_route=\/wp\/v2\/posts\/9227\/revisions"}],"predecessor-version":[{"id":9229,"href":"https:\/\/tv.utalca.cl\/index.php?rest_route=\/wp\/v2\/posts\/9227\/revisions\/9229"}],"wp:featuredmedia":[{"embeddable":true,"href":"https:\/\/tv.utalca.cl\/index.php?rest_route=\/wp\/v2\/media\/9228"}],"wp:attachment":[{"href":"https:\/\/tv.utalca.cl\/index.php?rest_route=%2Fwp%2Fv2%2Fmedia&parent=9227"}],"wp:term":[{"taxonomy":"category","embeddable":true,"href":"https:\/\/tv.utalca.cl\/index.php?rest_route=%2Fwp%2Fv2%2Fcategories&post=9227"},{"taxonomy":"post_tag","embeddable":true,"href":"https:\/\/tv.utalca.cl\/index.php?rest_route=%2Fwp%2Fv2%2Ftags&post=9227"}],"curies":[{"name":"wp","href":"https:\/\/api.w.org\/{rel}","templated":true}]}}