{"id":9267,"date":"2021-08-26T17:55:34","date_gmt":"2021-08-26T21:55:34","guid":{"rendered":"https:\/\/tv.utalca.cl\/?p=9267"},"modified":"2025-04-11T13:11:58","modified_gmt":"2025-04-11T17:11:58","slug":"analizan-factores-que-influyen-en-el-alza-de-precios-durante-los-ultimos-meses","status":"publish","type":"post","link":"https:\/\/tv.utalca.cl\/?p=9267","title":{"rendered":"Analizan factores que influyen en el alza de precios durante los \u00faltimos meses"},"content":{"rendered":"<p>Advierten que este periodo inflacionario que vive el pa\u00eds, se debe a los retiros de 10% de AFP, pol\u00edticas monetarias y fiscales expansivas como el IFE y un retraso de productos en la cadena de distribuci\u00f3n internacional a ra\u00edz de la pandemia.<\/p>\n","protected":false},"excerpt":{"rendered":"<p>Advierten que este periodo inflacionario que vive el pa\u00eds, se debe a los retiros de 10% de AFP, pol\u00edticas monetarias y fiscales expansivas como el IFE y un retraso de productos en la cadena de distribuci\u00f3n internacional a ra\u00edz de la pandemia.<\/p>\n","protected":false},"author":1,"featured_media":9268,"comment_status":"closed","ping_status":"open","sticky":false,"template":"","format":"video","meta":{"om_disable_all_campaigns":false,"_monsterinsights_skip_tracking":false,"_monsterinsights_sitenote_active":false,"_monsterinsights_sitenote_note":"","_monsterinsights_sitenote_category":0,"footnotes":""},"categories":[93,92],"tags":[],"class_list":["post-9267","post","type-post","status-publish","format-video","has-post-thumbnail","hentry","category-noticias","category-utalcatv-informa","post_format-post-format-video","slider-tags-campustv-informa","slider-tags-slider","slider-tags-titular"],"aioseo_notices":[],"_links":{"self":[{"href":"https:\/\/tv.utalca.cl\/index.php?rest_route=\/wp\/v2\/posts\/9267","targetHints":{"allow":["GET"]}}],"collection":[{"href":"https:\/\/tv.utalca.cl\/index.php?rest_route=\/wp\/v2\/posts"}],"about":[{"href":"https:\/\/tv.utalca.cl\/index.php?rest_route=\/wp\/v2\/types\/post"}],"author":[{"embeddable":true,"href":"https:\/\/tv.utalca.cl\/index.php?rest_route=\/wp\/v2\/users\/1"}],"replies":[{"embeddable":true,"href":"https:\/\/tv.utalca.cl\/index.php?rest_route=%2Fwp%2Fv2%2Fcomments&post=9267"}],"version-history":[{"count":1,"href":"https:\/\/tv.utalca.cl\/index.php?rest_route=\/wp\/v2\/posts\/9267\/revisions"}],"predecessor-version":[{"id":9269,"href":"https:\/\/tv.utalca.cl\/index.php?rest_route=\/wp\/v2\/posts\/9267\/revisions\/9269"}],"wp:featuredmedia":[{"embeddable":true,"href":"https:\/\/tv.utalca.cl\/index.php?rest_route=\/wp\/v2\/media\/9268"}],"wp:attachment":[{"href":"https:\/\/tv.utalca.cl\/index.php?rest_route=%2Fwp%2Fv2%2Fmedia&parent=9267"}],"wp:term":[{"taxonomy":"category","embeddable":true,"href":"https:\/\/tv.utalca.cl\/index.php?rest_route=%2Fwp%2Fv2%2Fcategories&post=9267"},{"taxonomy":"post_tag","embeddable":true,"href":"https:\/\/tv.utalca.cl\/index.php?rest_route=%2Fwp%2Fv2%2Ftags&post=9267"}],"curies":[{"name":"wp","href":"https:\/\/api.w.org\/{rel}","templated":true}]}}