{"id":9278,"date":"2021-08-30T18:07:16","date_gmt":"2021-08-30T22:07:16","guid":{"rendered":"https:\/\/tv.utalca.cl\/?p=9278"},"modified":"2025-04-11T13:11:58","modified_gmt":"2025-04-11T17:11:58","slug":"ministro-de-obras-publicas-detalla-el-plan-estrategico-de-gestion-hidrica-en-la-cuenca-del-maule","status":"publish","type":"post","link":"https:\/\/tv.utalca.cl\/?p=9278","title":{"rendered":"Ministro de Obras P\u00fablicas detalla el Plan Estrat\u00e9gico de Gesti\u00f3n H\u00eddrica en la cuenca del Maule"},"content":{"rendered":"<p>En entrevista con CampusTV, Alfredo Moreno se refiri\u00f3 a este Plan dado a conocer en la Universidad de Talca ante autoridades, regantes y distintos organismos. La propuesta busca conocer la oferta y demanda actual de agua para establecer un balance h\u00eddrico y sus proyecciones a 30 a\u00f1os plazo.<\/p>\n","protected":false},"excerpt":{"rendered":"<p>En entrevista con CampusTV, Alfredo Moreno se refiri\u00f3 a este Plan dado a conocer en la Universidad de Talca ante autoridades, regantes y distintos organismos. La propuesta busca conocer la oferta y demanda actual de agua para establecer un balance h\u00eddrico y sus proyecciones a 30 a\u00f1os plazo.<\/p>\n","protected":false},"author":1,"featured_media":9279,"comment_status":"closed","ping_status":"open","sticky":false,"template":"","format":"video","meta":{"om_disable_all_campaigns":false,"_monsterinsights_skip_tracking":false,"_monsterinsights_sitenote_active":false,"_monsterinsights_sitenote_note":"","_monsterinsights_sitenote_category":0,"footnotes":""},"categories":[1971,112],"tags":[],"class_list":["post-9278","post","type-post","status-publish","format-video","has-post-thumbnail","hentry","category-entrevistas-campustv","category-programa","post_format-post-format-video","slider-tags-entrevistas-campustv","slider-tags-slider"],"aioseo_notices":[],"_links":{"self":[{"href":"https:\/\/tv.utalca.cl\/index.php?rest_route=\/wp\/v2\/posts\/9278","targetHints":{"allow":["GET"]}}],"collection":[{"href":"https:\/\/tv.utalca.cl\/index.php?rest_route=\/wp\/v2\/posts"}],"about":[{"href":"https:\/\/tv.utalca.cl\/index.php?rest_route=\/wp\/v2\/types\/post"}],"author":[{"embeddable":true,"href":"https:\/\/tv.utalca.cl\/index.php?rest_route=\/wp\/v2\/users\/1"}],"replies":[{"embeddable":true,"href":"https:\/\/tv.utalca.cl\/index.php?rest_route=%2Fwp%2Fv2%2Fcomments&post=9278"}],"version-history":[{"count":1,"href":"https:\/\/tv.utalca.cl\/index.php?rest_route=\/wp\/v2\/posts\/9278\/revisions"}],"predecessor-version":[{"id":9280,"href":"https:\/\/tv.utalca.cl\/index.php?rest_route=\/wp\/v2\/posts\/9278\/revisions\/9280"}],"wp:featuredmedia":[{"embeddable":true,"href":"https:\/\/tv.utalca.cl\/index.php?rest_route=\/wp\/v2\/media\/9279"}],"wp:attachment":[{"href":"https:\/\/tv.utalca.cl\/index.php?rest_route=%2Fwp%2Fv2%2Fmedia&parent=9278"}],"wp:term":[{"taxonomy":"category","embeddable":true,"href":"https:\/\/tv.utalca.cl\/index.php?rest_route=%2Fwp%2Fv2%2Fcategories&post=9278"},{"taxonomy":"post_tag","embeddable":true,"href":"https:\/\/tv.utalca.cl\/index.php?rest_route=%2Fwp%2Fv2%2Ftags&post=9278"}],"curies":[{"name":"wp","href":"https:\/\/api.w.org\/{rel}","templated":true}]}}