{"id":9330,"date":"2021-09-24T13:08:35","date_gmt":"2021-09-24T16:08:35","guid":{"rendered":"https:\/\/tv.utalca.cl\/?p=9330"},"modified":"2025-04-11T13:12:45","modified_gmt":"2025-04-11T17:12:45","slug":"advierten-que-cambio-climatico-impactaria-en-el-precio-de-los-alimentos","status":"publish","type":"post","link":"https:\/\/tv.utalca.cl\/?p=9330","title":{"rendered":"Advierten que cambio clim\u00e1tico impactar\u00eda en el precio de los alimentos"},"content":{"rendered":"<p>A nivel mundial se observa una reducci\u00f3n en el stock de los principales alimentos, y en nuestro pa\u00eds, existe una disminuci\u00f3n de la superficie plantada de cultivos anuales y hortalizas.<\/p>\n","protected":false},"excerpt":{"rendered":"<p>A nivel mundial se observa una reducci\u00f3n en el stock de los principales alimentos, y en nuestro pa\u00eds, existe una disminuci\u00f3n de la superficie plantada de cultivos anuales y hortalizas.<\/p>\n","protected":false},"author":1,"featured_media":9331,"comment_status":"closed","ping_status":"open","sticky":false,"template":"","format":"video","meta":{"om_disable_all_campaigns":false,"_monsterinsights_skip_tracking":false,"_monsterinsights_sitenote_active":false,"_monsterinsights_sitenote_note":"","_monsterinsights_sitenote_category":0,"footnotes":""},"categories":[93,92],"tags":[],"class_list":["post-9330","post","type-post","status-publish","format-video","has-post-thumbnail","hentry","category-noticias","category-utalcatv-informa","post_format-post-format-video","slider-tags-campustv-informa","slider-tags-slider","slider-tags-titular"],"aioseo_notices":[],"_links":{"self":[{"href":"https:\/\/tv.utalca.cl\/index.php?rest_route=\/wp\/v2\/posts\/9330","targetHints":{"allow":["GET"]}}],"collection":[{"href":"https:\/\/tv.utalca.cl\/index.php?rest_route=\/wp\/v2\/posts"}],"about":[{"href":"https:\/\/tv.utalca.cl\/index.php?rest_route=\/wp\/v2\/types\/post"}],"author":[{"embeddable":true,"href":"https:\/\/tv.utalca.cl\/index.php?rest_route=\/wp\/v2\/users\/1"}],"replies":[{"embeddable":true,"href":"https:\/\/tv.utalca.cl\/index.php?rest_route=%2Fwp%2Fv2%2Fcomments&post=9330"}],"version-history":[{"count":1,"href":"https:\/\/tv.utalca.cl\/index.php?rest_route=\/wp\/v2\/posts\/9330\/revisions"}],"predecessor-version":[{"id":9333,"href":"https:\/\/tv.utalca.cl\/index.php?rest_route=\/wp\/v2\/posts\/9330\/revisions\/9333"}],"wp:featuredmedia":[{"embeddable":true,"href":"https:\/\/tv.utalca.cl\/index.php?rest_route=\/wp\/v2\/media\/9331"}],"wp:attachment":[{"href":"https:\/\/tv.utalca.cl\/index.php?rest_route=%2Fwp%2Fv2%2Fmedia&parent=9330"}],"wp:term":[{"taxonomy":"category","embeddable":true,"href":"https:\/\/tv.utalca.cl\/index.php?rest_route=%2Fwp%2Fv2%2Fcategories&post=9330"},{"taxonomy":"post_tag","embeddable":true,"href":"https:\/\/tv.utalca.cl\/index.php?rest_route=%2Fwp%2Fv2%2Ftags&post=9330"}],"curies":[{"name":"wp","href":"https:\/\/api.w.org\/{rel}","templated":true}]}}