{"id":9334,"date":"2021-09-27T16:28:02","date_gmt":"2021-09-27T19:28:02","guid":{"rendered":"https:\/\/tv.utalca.cl\/?p=9334"},"modified":"2025-04-11T13:12:45","modified_gmt":"2025-04-11T17:12:45","slug":"como-impacta-el-uso-de-pantallas-a-ninos-y-ninas-menores-de-dos-anos","status":"publish","type":"post","link":"https:\/\/tv.utalca.cl\/?p=9334","title":{"rendered":"\u00bfC\u00f3mo impacta el uso de pantallas a ni\u00f1os y ni\u00f1as menores de dos a\u00f1os?"},"content":{"rendered":"<p>Especialista advierte que la utilizaci\u00f3n de aparatos tecnol\u00f3gicos tiene un impacto a nivel f\u00edsico, cognitivo y socioemocional.<\/p>\n","protected":false},"excerpt":{"rendered":"<p>Especialista advierte que la utilizaci\u00f3n de aparatos tecnol\u00f3gicos tiene un impacto a nivel f\u00edsico, cognitivo y socioemocional.<\/p>\n","protected":false},"author":1,"featured_media":9335,"comment_status":"closed","ping_status":"open","sticky":false,"template":"","format":"video","meta":{"om_disable_all_campaigns":false,"_monsterinsights_skip_tracking":false,"_monsterinsights_sitenote_active":false,"_monsterinsights_sitenote_note":"","_monsterinsights_sitenote_category":0,"footnotes":""},"categories":[93,92],"tags":[],"class_list":["post-9334","post","type-post","status-publish","format-video","has-post-thumbnail","hentry","category-noticias","category-utalcatv-informa","post_format-post-format-video","slider-tags-campustv-informa","slider-tags-slider","slider-tags-titular"],"aioseo_notices":[],"_links":{"self":[{"href":"https:\/\/tv.utalca.cl\/index.php?rest_route=\/wp\/v2\/posts\/9334","targetHints":{"allow":["GET"]}}],"collection":[{"href":"https:\/\/tv.utalca.cl\/index.php?rest_route=\/wp\/v2\/posts"}],"about":[{"href":"https:\/\/tv.utalca.cl\/index.php?rest_route=\/wp\/v2\/types\/post"}],"author":[{"embeddable":true,"href":"https:\/\/tv.utalca.cl\/index.php?rest_route=\/wp\/v2\/users\/1"}],"replies":[{"embeddable":true,"href":"https:\/\/tv.utalca.cl\/index.php?rest_route=%2Fwp%2Fv2%2Fcomments&post=9334"}],"version-history":[{"count":1,"href":"https:\/\/tv.utalca.cl\/index.php?rest_route=\/wp\/v2\/posts\/9334\/revisions"}],"predecessor-version":[{"id":9336,"href":"https:\/\/tv.utalca.cl\/index.php?rest_route=\/wp\/v2\/posts\/9334\/revisions\/9336"}],"wp:featuredmedia":[{"embeddable":true,"href":"https:\/\/tv.utalca.cl\/index.php?rest_route=\/wp\/v2\/media\/9335"}],"wp:attachment":[{"href":"https:\/\/tv.utalca.cl\/index.php?rest_route=%2Fwp%2Fv2%2Fmedia&parent=9334"}],"wp:term":[{"taxonomy":"category","embeddable":true,"href":"https:\/\/tv.utalca.cl\/index.php?rest_route=%2Fwp%2Fv2%2Fcategories&post=9334"},{"taxonomy":"post_tag","embeddable":true,"href":"https:\/\/tv.utalca.cl\/index.php?rest_route=%2Fwp%2Fv2%2Ftags&post=9334"}],"curies":[{"name":"wp","href":"https:\/\/api.w.org\/{rel}","templated":true}]}}