{"id":9357,"date":"2021-09-30T13:00:20","date_gmt":"2021-09-30T16:00:20","guid":{"rendered":"https:\/\/tv.utalca.cl\/?p=9357"},"modified":"2025-04-11T13:12:45","modified_gmt":"2025-04-11T17:12:45","slug":"enfermedad-de-alzheimer-en-personas-mayores","status":"publish","type":"post","link":"https:\/\/tv.utalca.cl\/?p=9357","title":{"rendered":"Enfermedad de Alzheimer en personas mayores"},"content":{"rendered":"<p>Marcelo Alarc\u00f3n, Doctor en biolog\u00eda celular y molecular, acad\u00e9mico UTalca, responde las preguntas relacionadas a c\u00f3mo reconocer el Alzheimer y sus s\u00edntomas, adem\u00e1s entrega recomendaciones para cuidar a un adulto con inicios de esta enfermedad<\/p>\n","protected":false},"excerpt":{"rendered":"<p>Marcelo Alarc\u00f3n, Doctor en biolog\u00eda celular y molecular, acad\u00e9mico UTalca, responde las preguntas relacionadas a c\u00f3mo reconocer el Alzheimer y sus s\u00edntomas, adem\u00e1s entrega recomendaciones para cuidar a un adulto con inicios de esta enfermedad<\/p>\n","protected":false},"author":1,"featured_media":9358,"comment_status":"closed","ping_status":"open","sticky":false,"template":"","format":"video","meta":{"om_disable_all_campaigns":false,"_monsterinsights_skip_tracking":false,"_monsterinsights_sitenote_active":false,"_monsterinsights_sitenote_note":"","_monsterinsights_sitenote_category":0,"footnotes":""},"categories":[2124,112],"tags":[],"class_list":["post-9357","post","type-post","status-publish","format-video","has-post-thumbnail","hentry","category-preguntas-mayores","category-programa","post_format-post-format-video","slider-tags-preguntas-mayores"],"aioseo_notices":[],"_links":{"self":[{"href":"https:\/\/tv.utalca.cl\/index.php?rest_route=\/wp\/v2\/posts\/9357","targetHints":{"allow":["GET"]}}],"collection":[{"href":"https:\/\/tv.utalca.cl\/index.php?rest_route=\/wp\/v2\/posts"}],"about":[{"href":"https:\/\/tv.utalca.cl\/index.php?rest_route=\/wp\/v2\/types\/post"}],"author":[{"embeddable":true,"href":"https:\/\/tv.utalca.cl\/index.php?rest_route=\/wp\/v2\/users\/1"}],"replies":[{"embeddable":true,"href":"https:\/\/tv.utalca.cl\/index.php?rest_route=%2Fwp%2Fv2%2Fcomments&post=9357"}],"version-history":[{"count":1,"href":"https:\/\/tv.utalca.cl\/index.php?rest_route=\/wp\/v2\/posts\/9357\/revisions"}],"predecessor-version":[{"id":9359,"href":"https:\/\/tv.utalca.cl\/index.php?rest_route=\/wp\/v2\/posts\/9357\/revisions\/9359"}],"wp:featuredmedia":[{"embeddable":true,"href":"https:\/\/tv.utalca.cl\/index.php?rest_route=\/wp\/v2\/media\/9358"}],"wp:attachment":[{"href":"https:\/\/tv.utalca.cl\/index.php?rest_route=%2Fwp%2Fv2%2Fmedia&parent=9357"}],"wp:term":[{"taxonomy":"category","embeddable":true,"href":"https:\/\/tv.utalca.cl\/index.php?rest_route=%2Fwp%2Fv2%2Fcategories&post=9357"},{"taxonomy":"post_tag","embeddable":true,"href":"https:\/\/tv.utalca.cl\/index.php?rest_route=%2Fwp%2Fv2%2Ftags&post=9357"}],"curies":[{"name":"wp","href":"https:\/\/api.w.org\/{rel}","templated":true}]}}