{"id":9361,"date":"2021-09-30T18:15:17","date_gmt":"2021-09-30T21:15:17","guid":{"rendered":"https:\/\/tv.utalca.cl\/?p=9361"},"modified":"2025-04-11T13:12:45","modified_gmt":"2025-04-11T17:12:45","slug":"jardin-botanico-arboretum-y-galerias-de-arte-de-la-utalca-reabren-sus-puertas-al-publico","status":"publish","type":"post","link":"https:\/\/tv.utalca.cl\/?p=9361","title":{"rendered":"Jard\u00edn Bot\u00e1nico, Arboretum y galer\u00edas de arte de la UTalca reabren sus puertas al p\u00fablico"},"content":{"rendered":"<p>Tras 18 meses cerrados a ra\u00edz de la pandemia, estos espacios emblem\u00e1ticos, vuelven a funcionar considerando todas las medidas sanitarias.<\/p>\n","protected":false},"excerpt":{"rendered":"<p>Tras 18 meses cerrados a ra\u00edz de la pandemia, estos espacios emblem\u00e1ticos, vuelven a funcionar considerando todas las medidas sanitarias.<\/p>\n","protected":false},"author":1,"featured_media":9362,"comment_status":"closed","ping_status":"open","sticky":false,"template":"","format":"video","meta":{"om_disable_all_campaigns":false,"_monsterinsights_skip_tracking":false,"_monsterinsights_sitenote_active":false,"_monsterinsights_sitenote_note":"","_monsterinsights_sitenote_category":0,"footnotes":""},"categories":[93,92],"tags":[],"class_list":["post-9361","post","type-post","status-publish","format-video","has-post-thumbnail","hentry","category-noticias","category-utalcatv-informa","post_format-post-format-video","slider-tags-campustv-informa","slider-tags-slider","slider-tags-titular"],"aioseo_notices":[],"_links":{"self":[{"href":"https:\/\/tv.utalca.cl\/index.php?rest_route=\/wp\/v2\/posts\/9361","targetHints":{"allow":["GET"]}}],"collection":[{"href":"https:\/\/tv.utalca.cl\/index.php?rest_route=\/wp\/v2\/posts"}],"about":[{"href":"https:\/\/tv.utalca.cl\/index.php?rest_route=\/wp\/v2\/types\/post"}],"author":[{"embeddable":true,"href":"https:\/\/tv.utalca.cl\/index.php?rest_route=\/wp\/v2\/users\/1"}],"replies":[{"embeddable":true,"href":"https:\/\/tv.utalca.cl\/index.php?rest_route=%2Fwp%2Fv2%2Fcomments&post=9361"}],"version-history":[{"count":1,"href":"https:\/\/tv.utalca.cl\/index.php?rest_route=\/wp\/v2\/posts\/9361\/revisions"}],"predecessor-version":[{"id":9363,"href":"https:\/\/tv.utalca.cl\/index.php?rest_route=\/wp\/v2\/posts\/9361\/revisions\/9363"}],"wp:featuredmedia":[{"embeddable":true,"href":"https:\/\/tv.utalca.cl\/index.php?rest_route=\/wp\/v2\/media\/9362"}],"wp:attachment":[{"href":"https:\/\/tv.utalca.cl\/index.php?rest_route=%2Fwp%2Fv2%2Fmedia&parent=9361"}],"wp:term":[{"taxonomy":"category","embeddable":true,"href":"https:\/\/tv.utalca.cl\/index.php?rest_route=%2Fwp%2Fv2%2Fcategories&post=9361"},{"taxonomy":"post_tag","embeddable":true,"href":"https:\/\/tv.utalca.cl\/index.php?rest_route=%2Fwp%2Fv2%2Ftags&post=9361"}],"curies":[{"name":"wp","href":"https:\/\/api.w.org\/{rel}","templated":true}]}}