{"id":9520,"date":"2021-11-05T15:41:46","date_gmt":"2021-11-05T18:41:46","guid":{"rendered":"https:\/\/tv.utalca.cl\/?p=9520"},"modified":"2025-04-11T13:12:42","modified_gmt":"2025-04-11T17:12:42","slug":"como-influyen-las-determinantes-sociales-en-la-salud-oral-de-la-poblacion","status":"publish","type":"post","link":"https:\/\/tv.utalca.cl\/?p=9520","title":{"rendered":"\u00bfC\u00f3mo influyen las determinantes sociales en la salud oral de la poblaci\u00f3n?"},"content":{"rendered":"<p>Las enfermedades bucodentales son uno de los mayores problemas de salud p\u00fablica a nivel mundial, debido a su alta prevalencia, afectando de forma importante la calidad de vida y la salud general de la poblaci\u00f3n. Eduardo Canales, acad\u00e9mico de la UTalca, analiza este tema.<\/p>\n","protected":false},"excerpt":{"rendered":"<p>Las enfermedades bucodentales son uno de los mayores problemas de salud p\u00fablica a nivel mundial, debido a su alta prevalencia, afectando de forma importante la calidad de vida y la salud general de la poblaci\u00f3n. Eduardo Canales, acad\u00e9mico de la UTalca, analiza este tema.<\/p>\n","protected":false},"author":1,"featured_media":9521,"comment_status":"closed","ping_status":"open","sticky":false,"template":"","format":"video","meta":{"om_disable_all_campaigns":false,"_monsterinsights_skip_tracking":false,"_monsterinsights_sitenote_active":false,"_monsterinsights_sitenote_note":"","_monsterinsights_sitenote_category":0,"footnotes":""},"categories":[1527,112],"tags":[],"class_list":["post-9520","post","type-post","status-publish","format-video","has-post-thumbnail","hentry","category-hablemos-de-salud","category-programa","post_format-post-format-video","slider-tags-hablemos-de-salud"],"aioseo_notices":[],"_links":{"self":[{"href":"https:\/\/tv.utalca.cl\/index.php?rest_route=\/wp\/v2\/posts\/9520","targetHints":{"allow":["GET"]}}],"collection":[{"href":"https:\/\/tv.utalca.cl\/index.php?rest_route=\/wp\/v2\/posts"}],"about":[{"href":"https:\/\/tv.utalca.cl\/index.php?rest_route=\/wp\/v2\/types\/post"}],"author":[{"embeddable":true,"href":"https:\/\/tv.utalca.cl\/index.php?rest_route=\/wp\/v2\/users\/1"}],"replies":[{"embeddable":true,"href":"https:\/\/tv.utalca.cl\/index.php?rest_route=%2Fwp%2Fv2%2Fcomments&post=9520"}],"version-history":[{"count":1,"href":"https:\/\/tv.utalca.cl\/index.php?rest_route=\/wp\/v2\/posts\/9520\/revisions"}],"predecessor-version":[{"id":9522,"href":"https:\/\/tv.utalca.cl\/index.php?rest_route=\/wp\/v2\/posts\/9520\/revisions\/9522"}],"wp:featuredmedia":[{"embeddable":true,"href":"https:\/\/tv.utalca.cl\/index.php?rest_route=\/wp\/v2\/media\/9521"}],"wp:attachment":[{"href":"https:\/\/tv.utalca.cl\/index.php?rest_route=%2Fwp%2Fv2%2Fmedia&parent=9520"}],"wp:term":[{"taxonomy":"category","embeddable":true,"href":"https:\/\/tv.utalca.cl\/index.php?rest_route=%2Fwp%2Fv2%2Fcategories&post=9520"},{"taxonomy":"post_tag","embeddable":true,"href":"https:\/\/tv.utalca.cl\/index.php?rest_route=%2Fwp%2Fv2%2Ftags&post=9520"}],"curies":[{"name":"wp","href":"https:\/\/api.w.org\/{rel}","templated":true}]}}