{"id":9588,"date":"2021-12-03T16:33:35","date_gmt":"2021-12-03T19:33:35","guid":{"rendered":"https:\/\/tv.utalca.cl\/?p=9588"},"modified":"2025-04-11T13:12:41","modified_gmt":"2025-04-11T17:12:41","slug":"arboretum-de-la-utalca-fue-escenario-de-concierto-al-aire-libre","status":"publish","type":"post","link":"https:\/\/tv.utalca.cl\/?p=9588","title":{"rendered":"Arboretum de la UTalca fue escenario de concierto al aire libre"},"content":{"rendered":"<p>Los sonidos de la marimba encantaron a los asistentes que participaron del evento, se trata de un ciclo de presentaciones que busca conectar la m\u00fasica con la naturaleza. La pr\u00f3xima jornada se realizar\u00e1 el 16 de diciembre.<\/p>\n","protected":false},"excerpt":{"rendered":"<p>Los sonidos de la marimba encantaron a los asistentes que participaron del evento, se trata de un ciclo de presentaciones que busca conectar la m\u00fasica con la naturaleza. La pr\u00f3xima jornada se realizar\u00e1 el 16 de diciembre.<\/p>\n","protected":false},"author":1,"featured_media":9589,"comment_status":"closed","ping_status":"open","sticky":false,"template":"","format":"video","meta":{"om_disable_all_campaigns":false,"_monsterinsights_skip_tracking":false,"_monsterinsights_sitenote_active":false,"_monsterinsights_sitenote_note":"","_monsterinsights_sitenote_category":0,"footnotes":""},"categories":[93,92],"tags":[],"class_list":["post-9588","post","type-post","status-publish","format-video","has-post-thumbnail","hentry","category-noticias","category-utalcatv-informa","post_format-post-format-video","slider-tags-campustv-informa","slider-tags-slider","slider-tags-titular"],"aioseo_notices":[],"_links":{"self":[{"href":"https:\/\/tv.utalca.cl\/index.php?rest_route=\/wp\/v2\/posts\/9588","targetHints":{"allow":["GET"]}}],"collection":[{"href":"https:\/\/tv.utalca.cl\/index.php?rest_route=\/wp\/v2\/posts"}],"about":[{"href":"https:\/\/tv.utalca.cl\/index.php?rest_route=\/wp\/v2\/types\/post"}],"author":[{"embeddable":true,"href":"https:\/\/tv.utalca.cl\/index.php?rest_route=\/wp\/v2\/users\/1"}],"replies":[{"embeddable":true,"href":"https:\/\/tv.utalca.cl\/index.php?rest_route=%2Fwp%2Fv2%2Fcomments&post=9588"}],"version-history":[{"count":1,"href":"https:\/\/tv.utalca.cl\/index.php?rest_route=\/wp\/v2\/posts\/9588\/revisions"}],"predecessor-version":[{"id":9590,"href":"https:\/\/tv.utalca.cl\/index.php?rest_route=\/wp\/v2\/posts\/9588\/revisions\/9590"}],"wp:featuredmedia":[{"embeddable":true,"href":"https:\/\/tv.utalca.cl\/index.php?rest_route=\/wp\/v2\/media\/9589"}],"wp:attachment":[{"href":"https:\/\/tv.utalca.cl\/index.php?rest_route=%2Fwp%2Fv2%2Fmedia&parent=9588"}],"wp:term":[{"taxonomy":"category","embeddable":true,"href":"https:\/\/tv.utalca.cl\/index.php?rest_route=%2Fwp%2Fv2%2Fcategories&post=9588"},{"taxonomy":"post_tag","embeddable":true,"href":"https:\/\/tv.utalca.cl\/index.php?rest_route=%2Fwp%2Fv2%2Ftags&post=9588"}],"curies":[{"name":"wp","href":"https:\/\/api.w.org\/{rel}","templated":true}]}}