{"id":9733,"date":"2022-03-09T10:28:12","date_gmt":"2022-03-09T13:28:12","guid":{"rendered":"https:\/\/tv.utalca.cl\/?p=9733"},"modified":"2025-06-02T08:35:47","modified_gmt":"2025-06-02T12:35:47","slug":"mas-conocimiento-arquitectura-y-musica","status":"publish","type":"post","link":"https:\/\/tv.utalca.cl\/?p=9733","title":{"rendered":"M\u00e1s Conocimiento: Arquitectura y m\u00fasica"},"content":{"rendered":"<p>Andr\u00e9s Maraga\u00f1o, decano de la Facultad de M\u00fasica, Dise\u00f1o y Arquitectura UTalca detalla el aporte de la Escuela de Arquitectura al desarrollo de la ciudad. En Tanto, Marcela Lillo, acad\u00e9mica de la Escuela de M\u00fasica UTalca se refiere a las investigaciones realizadas respecto al rol de las mujeres chilenas en la m\u00fasica.<\/p>\n","protected":false},"excerpt":{"rendered":"<p>Andr\u00e9s Maraga\u00f1o, decano de la Facultad de M\u00fasica, Dise\u00f1o y Arquitectura UTalca detalla el aporte de la Escuela de Arquitectura al desarrollo de la ciudad. En Tanto, Marcela Lillo, acad\u00e9mica de la Escuela de M\u00fasica UTalca se refiere a las investigaciones realizadas respecto al rol de las mujeres chilenas en la m\u00fasica.<\/p>\n","protected":false},"author":1,"featured_media":9734,"comment_status":"closed","ping_status":"open","sticky":false,"template":"","format":"standard","meta":{"om_disable_all_campaigns":false,"_monsterinsights_skip_tracking":false,"_monsterinsights_sitenote_active":false,"_monsterinsights_sitenote_note":"","_monsterinsights_sitenote_category":0,"footnotes":""},"categories":[297,112],"tags":[],"class_list":["post-9733","post","type-post","status-publish","format-standard","has-post-thumbnail","hentry","category-mas-conocimiento","category-programa","slider-tags-mas-conocimiento","slider-tags-slider","slider-tags-temporada-2022"],"aioseo_notices":[],"_links":{"self":[{"href":"https:\/\/tv.utalca.cl\/index.php?rest_route=\/wp\/v2\/posts\/9733","targetHints":{"allow":["GET"]}}],"collection":[{"href":"https:\/\/tv.utalca.cl\/index.php?rest_route=\/wp\/v2\/posts"}],"about":[{"href":"https:\/\/tv.utalca.cl\/index.php?rest_route=\/wp\/v2\/types\/post"}],"author":[{"embeddable":true,"href":"https:\/\/tv.utalca.cl\/index.php?rest_route=\/wp\/v2\/users\/1"}],"replies":[{"embeddable":true,"href":"https:\/\/tv.utalca.cl\/index.php?rest_route=%2Fwp%2Fv2%2Fcomments&post=9733"}],"version-history":[{"count":1,"href":"https:\/\/tv.utalca.cl\/index.php?rest_route=\/wp\/v2\/posts\/9733\/revisions"}],"predecessor-version":[{"id":9735,"href":"https:\/\/tv.utalca.cl\/index.php?rest_route=\/wp\/v2\/posts\/9733\/revisions\/9735"}],"wp:featuredmedia":[{"embeddable":true,"href":"https:\/\/tv.utalca.cl\/index.php?rest_route=\/wp\/v2\/media\/9734"}],"wp:attachment":[{"href":"https:\/\/tv.utalca.cl\/index.php?rest_route=%2Fwp%2Fv2%2Fmedia&parent=9733"}],"wp:term":[{"taxonomy":"category","embeddable":true,"href":"https:\/\/tv.utalca.cl\/index.php?rest_route=%2Fwp%2Fv2%2Fcategories&post=9733"},{"taxonomy":"post_tag","embeddable":true,"href":"https:\/\/tv.utalca.cl\/index.php?rest_route=%2Fwp%2Fv2%2Ftags&post=9733"}],"curies":[{"name":"wp","href":"https:\/\/api.w.org\/{rel}","templated":true}]}}