{"id":9806,"date":"2022-03-22T17:35:17","date_gmt":"2022-03-22T20:35:17","guid":{"rendered":"https:\/\/tv.utalca.cl\/?p=9806"},"modified":"2022-03-22T17:35:17","modified_gmt":"2022-03-22T20:35:17","slug":"autoridades-de-la-utalca-se-reunen-con-delegado-presidencial-regional","status":"publish","type":"post","link":"https:\/\/tv.utalca.cl\/?p=9806","title":{"rendered":"Autoridades de la UTalca se re\u00fanen con delegado presidencial regional"},"content":{"rendered":"<p>Uno de los temas que se abord\u00f3 durante el encuentro fue el proceso de modernizaci\u00f3n del estado y descentralizaci\u00f3n, adem\u00e1s la instituci\u00f3n puso a disposici\u00f3n sus capacidades para aportar en diversas disciplinas al desarrollo de la regi\u00f3n.<\/p>\n","protected":false},"excerpt":{"rendered":"<p>Uno de los temas que se abord\u00f3 durante el encuentro fue el proceso de modernizaci\u00f3n del estado y descentralizaci\u00f3n, adem\u00e1s la instituci\u00f3n puso a disposici\u00f3n sus capacidades para aportar en diversas disciplinas al desarrollo de la regi\u00f3n.<\/p>\n","protected":false},"author":1,"featured_media":9807,"comment_status":"open","ping_status":"open","sticky":false,"template":"","format":"video","meta":{"om_disable_all_campaigns":false,"_monsterinsights_skip_tracking":false,"_monsterinsights_sitenote_active":false,"_monsterinsights_sitenote_note":"","_monsterinsights_sitenote_category":0,"footnotes":""},"categories":[93,92],"tags":[],"class_list":["post-9806","post","type-post","status-publish","format-video","has-post-thumbnail","hentry","category-noticias","category-utalcatv-informa","post_format-post-format-video","slider-tags-campustv-informa","slider-tags-slider","slider-tags-titular"],"aioseo_notices":[],"_links":{"self":[{"href":"https:\/\/tv.utalca.cl\/index.php?rest_route=\/wp\/v2\/posts\/9806","targetHints":{"allow":["GET"]}}],"collection":[{"href":"https:\/\/tv.utalca.cl\/index.php?rest_route=\/wp\/v2\/posts"}],"about":[{"href":"https:\/\/tv.utalca.cl\/index.php?rest_route=\/wp\/v2\/types\/post"}],"author":[{"embeddable":true,"href":"https:\/\/tv.utalca.cl\/index.php?rest_route=\/wp\/v2\/users\/1"}],"replies":[{"embeddable":true,"href":"https:\/\/tv.utalca.cl\/index.php?rest_route=%2Fwp%2Fv2%2Fcomments&post=9806"}],"version-history":[{"count":1,"href":"https:\/\/tv.utalca.cl\/index.php?rest_route=\/wp\/v2\/posts\/9806\/revisions"}],"predecessor-version":[{"id":9808,"href":"https:\/\/tv.utalca.cl\/index.php?rest_route=\/wp\/v2\/posts\/9806\/revisions\/9808"}],"wp:featuredmedia":[{"embeddable":true,"href":"https:\/\/tv.utalca.cl\/index.php?rest_route=\/wp\/v2\/media\/9807"}],"wp:attachment":[{"href":"https:\/\/tv.utalca.cl\/index.php?rest_route=%2Fwp%2Fv2%2Fmedia&parent=9806"}],"wp:term":[{"taxonomy":"category","embeddable":true,"href":"https:\/\/tv.utalca.cl\/index.php?rest_route=%2Fwp%2Fv2%2Fcategories&post=9806"},{"taxonomy":"post_tag","embeddable":true,"href":"https:\/\/tv.utalca.cl\/index.php?rest_route=%2Fwp%2Fv2%2Ftags&post=9806"}],"curies":[{"name":"wp","href":"https:\/\/api.w.org\/{rel}","templated":true}]}}