{"id":9812,"date":"2022-03-24T16:45:06","date_gmt":"2022-03-24T19:45:06","guid":{"rendered":"https:\/\/tv.utalca.cl\/?p=9812"},"modified":"2025-06-02T08:35:47","modified_gmt":"2025-06-02T12:35:47","slug":"mas-conocimiento-instituto-de-ciencias-biologicas-utalca","status":"publish","type":"post","link":"https:\/\/tv.utalca.cl\/?p=9812","title":{"rendered":"M\u00e1s Conocimiento: Instituto de Ciencias Biol\u00f3gicas UTalca"},"content":{"rendered":"<p>Alejandra Moya, acad\u00e9mica del Instituto de Ciencias Biol\u00f3gicas de la UTalca se refiere al proceso de maduraci\u00f3n de frutos nativos, y el acad\u00e9mico Cristian Figueroa, tambi\u00e9n de este Instituto de Ciencias Biol\u00f3gicas, explica que producto de la sequ\u00eda pueden aumentar los insectos plagas en la agricultura lo que generar\u00eda diversas consecuencias.<\/p>\n","protected":false},"excerpt":{"rendered":"<p>Alejandra Moya, acad\u00e9mica del Instituto de Ciencias Biol\u00f3gicas de la UTalca se refiere al proceso de maduraci\u00f3n de frutos nativos, y el acad\u00e9mico Cristian Figueroa, tambi\u00e9n de este Instituto de Ciencias Biol\u00f3gicas, explica que producto de la sequ\u00eda pueden aumentar los insectos plagas en la agricultura lo que generar\u00eda diversas consecuencias.<\/p>\n","protected":false},"author":1,"featured_media":9813,"comment_status":"closed","ping_status":"open","sticky":false,"template":"","format":"standard","meta":{"om_disable_all_campaigns":false,"_monsterinsights_skip_tracking":false,"_monsterinsights_sitenote_active":false,"_monsterinsights_sitenote_note":"","_monsterinsights_sitenote_category":0,"footnotes":""},"categories":[297,112],"tags":[],"class_list":["post-9812","post","type-post","status-publish","format-standard","has-post-thumbnail","hentry","category-mas-conocimiento","category-programa","slider-tags-mas-conocimiento","slider-tags-slider","slider-tags-temporada-2022"],"aioseo_notices":[],"_links":{"self":[{"href":"https:\/\/tv.utalca.cl\/index.php?rest_route=\/wp\/v2\/posts\/9812","targetHints":{"allow":["GET"]}}],"collection":[{"href":"https:\/\/tv.utalca.cl\/index.php?rest_route=\/wp\/v2\/posts"}],"about":[{"href":"https:\/\/tv.utalca.cl\/index.php?rest_route=\/wp\/v2\/types\/post"}],"author":[{"embeddable":true,"href":"https:\/\/tv.utalca.cl\/index.php?rest_route=\/wp\/v2\/users\/1"}],"replies":[{"embeddable":true,"href":"https:\/\/tv.utalca.cl\/index.php?rest_route=%2Fwp%2Fv2%2Fcomments&post=9812"}],"version-history":[{"count":1,"href":"https:\/\/tv.utalca.cl\/index.php?rest_route=\/wp\/v2\/posts\/9812\/revisions"}],"predecessor-version":[{"id":9814,"href":"https:\/\/tv.utalca.cl\/index.php?rest_route=\/wp\/v2\/posts\/9812\/revisions\/9814"}],"wp:featuredmedia":[{"embeddable":true,"href":"https:\/\/tv.utalca.cl\/index.php?rest_route=\/wp\/v2\/media\/9813"}],"wp:attachment":[{"href":"https:\/\/tv.utalca.cl\/index.php?rest_route=%2Fwp%2Fv2%2Fmedia&parent=9812"}],"wp:term":[{"taxonomy":"category","embeddable":true,"href":"https:\/\/tv.utalca.cl\/index.php?rest_route=%2Fwp%2Fv2%2Fcategories&post=9812"},{"taxonomy":"post_tag","embeddable":true,"href":"https:\/\/tv.utalca.cl\/index.php?rest_route=%2Fwp%2Fv2%2Ftags&post=9812"}],"curies":[{"name":"wp","href":"https:\/\/api.w.org\/{rel}","templated":true}]}}