{"id":9882,"date":"2022-04-07T21:03:52","date_gmt":"2022-04-08T01:03:52","guid":{"rendered":"https:\/\/tv.utalca.cl\/?p=9882"},"modified":"2022-04-07T21:03:52","modified_gmt":"2022-04-08T01:03:52","slug":"gabinete-regional-del-maule-participa-de-jornada-de-descentralizacion-y-competitividad-en-utalca","status":"publish","type":"post","link":"https:\/\/tv.utalca.cl\/?p=9882","title":{"rendered":"Gabinete Regional del Maule participa de jornada de descentralizaci\u00f3n y competitividad en UTalca"},"content":{"rendered":"<p>La actividad fue organizada por el Mag\u00edster en Gesti\u00f3n y Pol\u00edticas P\u00fablicas de la Facultad de Econom\u00eda y Negocios de la instituci\u00f3n.<\/p>\n","protected":false},"excerpt":{"rendered":"<p>La actividad fue organizada por el Mag\u00edster en Gesti\u00f3n y Pol\u00edticas P\u00fablicas de la Facultad de Econom\u00eda y Negocios de la instituci\u00f3n.<\/p>\n","protected":false},"author":1,"featured_media":9883,"comment_status":"open","ping_status":"open","sticky":false,"template":"","format":"video","meta":{"om_disable_all_campaigns":false,"_monsterinsights_skip_tracking":false,"_monsterinsights_sitenote_active":false,"_monsterinsights_sitenote_note":"","_monsterinsights_sitenote_category":0,"footnotes":""},"categories":[93,92],"tags":[],"class_list":["post-9882","post","type-post","status-publish","format-video","has-post-thumbnail","hentry","category-noticias","category-utalcatv-informa","post_format-post-format-video","slider-tags-campustv-informa","slider-tags-slider"],"aioseo_notices":[],"_links":{"self":[{"href":"https:\/\/tv.utalca.cl\/index.php?rest_route=\/wp\/v2\/posts\/9882","targetHints":{"allow":["GET"]}}],"collection":[{"href":"https:\/\/tv.utalca.cl\/index.php?rest_route=\/wp\/v2\/posts"}],"about":[{"href":"https:\/\/tv.utalca.cl\/index.php?rest_route=\/wp\/v2\/types\/post"}],"author":[{"embeddable":true,"href":"https:\/\/tv.utalca.cl\/index.php?rest_route=\/wp\/v2\/users\/1"}],"replies":[{"embeddable":true,"href":"https:\/\/tv.utalca.cl\/index.php?rest_route=%2Fwp%2Fv2%2Fcomments&post=9882"}],"version-history":[{"count":1,"href":"https:\/\/tv.utalca.cl\/index.php?rest_route=\/wp\/v2\/posts\/9882\/revisions"}],"predecessor-version":[{"id":9884,"href":"https:\/\/tv.utalca.cl\/index.php?rest_route=\/wp\/v2\/posts\/9882\/revisions\/9884"}],"wp:featuredmedia":[{"embeddable":true,"href":"https:\/\/tv.utalca.cl\/index.php?rest_route=\/wp\/v2\/media\/9883"}],"wp:attachment":[{"href":"https:\/\/tv.utalca.cl\/index.php?rest_route=%2Fwp%2Fv2%2Fmedia&parent=9882"}],"wp:term":[{"taxonomy":"category","embeddable":true,"href":"https:\/\/tv.utalca.cl\/index.php?rest_route=%2Fwp%2Fv2%2Fcategories&post=9882"},{"taxonomy":"post_tag","embeddable":true,"href":"https:\/\/tv.utalca.cl\/index.php?rest_route=%2Fwp%2Fv2%2Ftags&post=9882"}],"curies":[{"name":"wp","href":"https:\/\/api.w.org\/{rel}","templated":true}]}}