{"id":995,"date":"2018-09-10T14:20:53","date_gmt":"2018-09-10T14:20:53","guid":{"rendered":"http:\/\/desarrollowp.utalca.cl\/?p=995"},"modified":"2025-04-11T13:22:52","modified_gmt":"2025-04-11T17:22:52","slug":"imperdibles-jornadas-musicales-de-invierno-en-utalca","status":"publish","type":"post","link":"https:\/\/tv.utalca.cl\/?p=995","title":{"rendered":"Imperdibles Jornadas Musicales de Invierno en UTALCA"},"content":{"rendered":"<p>La m\u00fasica ser\u00e1 la protagonista, durante cuatro semanas se desarrollar\u00e1n conciertos y clases magistrales.<\/p>\n","protected":false},"excerpt":{"rendered":"<p>La m\u00fasica ser\u00e1 la protagonista, durante cuatro semanas se desarrollar\u00e1n conciertos y clases magistrales.<\/p>\n","protected":false},"author":1,"featured_media":996,"comment_status":"closed","ping_status":"open","sticky":false,"template":"","format":"standard","meta":{"om_disable_all_campaigns":false,"_monsterinsights_skip_tracking":false,"_monsterinsights_sitenote_active":false,"_monsterinsights_sitenote_note":"","_monsterinsights_sitenote_category":0,"footnotes":""},"categories":[93,92],"tags":[94,116,117,79],"class_list":["post-995","post","type-post","status-publish","format-standard","has-post-thumbnail","hentry","category-noticias","category-utalcatv-informa","tag-campustv-informa","tag-escuela-de-musica","tag-eventos","tag-universidad-de-talca","slider-tags-campustv-informa","slider-tags-titular"],"aioseo_notices":[],"_links":{"self":[{"href":"https:\/\/tv.utalca.cl\/index.php?rest_route=\/wp\/v2\/posts\/995","targetHints":{"allow":["GET"]}}],"collection":[{"href":"https:\/\/tv.utalca.cl\/index.php?rest_route=\/wp\/v2\/posts"}],"about":[{"href":"https:\/\/tv.utalca.cl\/index.php?rest_route=\/wp\/v2\/types\/post"}],"author":[{"embeddable":true,"href":"https:\/\/tv.utalca.cl\/index.php?rest_route=\/wp\/v2\/users\/1"}],"replies":[{"embeddable":true,"href":"https:\/\/tv.utalca.cl\/index.php?rest_route=%2Fwp%2Fv2%2Fcomments&post=995"}],"version-history":[{"count":1,"href":"https:\/\/tv.utalca.cl\/index.php?rest_route=\/wp\/v2\/posts\/995\/revisions"}],"predecessor-version":[{"id":997,"href":"https:\/\/tv.utalca.cl\/index.php?rest_route=\/wp\/v2\/posts\/995\/revisions\/997"}],"wp:featuredmedia":[{"embeddable":true,"href":"https:\/\/tv.utalca.cl\/index.php?rest_route=\/wp\/v2\/media\/996"}],"wp:attachment":[{"href":"https:\/\/tv.utalca.cl\/index.php?rest_route=%2Fwp%2Fv2%2Fmedia&parent=995"}],"wp:term":[{"taxonomy":"category","embeddable":true,"href":"https:\/\/tv.utalca.cl\/index.php?rest_route=%2Fwp%2Fv2%2Fcategories&post=995"},{"taxonomy":"post_tag","embeddable":true,"href":"https:\/\/tv.utalca.cl\/index.php?rest_route=%2Fwp%2Fv2%2Ftags&post=995"}],"curies":[{"name":"wp","href":"https:\/\/api.w.org\/{rel}","templated":true}]}}