{"id":9953,"date":"2022-05-05T18:37:07","date_gmt":"2022-05-05T22:37:07","guid":{"rendered":"https:\/\/tv.utalca.cl\/?p=9953"},"modified":"2022-05-05T18:37:07","modified_gmt":"2022-05-05T22:37:07","slug":"campus-santiago-de-la-utalca-inauguro-ano-academico","status":"publish","type":"post","link":"https:\/\/tv.utalca.cl\/?p=9953","title":{"rendered":"Campus Santiago de la UTalca inaugur\u00f3 a\u00f1o acad\u00e9mico"},"content":{"rendered":"<p>El rector Carlos Torres, particip\u00f3 de su primera actividad oficial tras asumir sus funciones. El evento, tuvo como invitada adem\u00e1s a Solange Berstein, presidenta de la Comisi\u00f3n para el Mercado Financiero (CMF).<\/p>\n","protected":false},"excerpt":{"rendered":"<p>El rector Carlos Torres, particip\u00f3 de su primera actividad oficial tras asumir sus funciones. El evento, tuvo como invitada adem\u00e1s a Solange Berstein, presidenta de la Comisi\u00f3n para el Mercado Financiero (CMF).<\/p>\n","protected":false},"author":1,"featured_media":9954,"comment_status":"open","ping_status":"open","sticky":false,"template":"","format":"video","meta":{"om_disable_all_campaigns":false,"_monsterinsights_skip_tracking":false,"_monsterinsights_sitenote_active":false,"_monsterinsights_sitenote_note":"","_monsterinsights_sitenote_category":0,"footnotes":""},"categories":[93,92],"tags":[],"class_list":["post-9953","post","type-post","status-publish","format-video","has-post-thumbnail","hentry","category-noticias","category-utalcatv-informa","post_format-post-format-video","slider-tags-campustv-informa","slider-tags-slider","slider-tags-titular"],"aioseo_notices":[],"_links":{"self":[{"href":"https:\/\/tv.utalca.cl\/index.php?rest_route=\/wp\/v2\/posts\/9953","targetHints":{"allow":["GET"]}}],"collection":[{"href":"https:\/\/tv.utalca.cl\/index.php?rest_route=\/wp\/v2\/posts"}],"about":[{"href":"https:\/\/tv.utalca.cl\/index.php?rest_route=\/wp\/v2\/types\/post"}],"author":[{"embeddable":true,"href":"https:\/\/tv.utalca.cl\/index.php?rest_route=\/wp\/v2\/users\/1"}],"replies":[{"embeddable":true,"href":"https:\/\/tv.utalca.cl\/index.php?rest_route=%2Fwp%2Fv2%2Fcomments&post=9953"}],"version-history":[{"count":1,"href":"https:\/\/tv.utalca.cl\/index.php?rest_route=\/wp\/v2\/posts\/9953\/revisions"}],"predecessor-version":[{"id":9955,"href":"https:\/\/tv.utalca.cl\/index.php?rest_route=\/wp\/v2\/posts\/9953\/revisions\/9955"}],"wp:featuredmedia":[{"embeddable":true,"href":"https:\/\/tv.utalca.cl\/index.php?rest_route=\/wp\/v2\/media\/9954"}],"wp:attachment":[{"href":"https:\/\/tv.utalca.cl\/index.php?rest_route=%2Fwp%2Fv2%2Fmedia&parent=9953"}],"wp:term":[{"taxonomy":"category","embeddable":true,"href":"https:\/\/tv.utalca.cl\/index.php?rest_route=%2Fwp%2Fv2%2Fcategories&post=9953"},{"taxonomy":"post_tag","embeddable":true,"href":"https:\/\/tv.utalca.cl\/index.php?rest_route=%2Fwp%2Fv2%2Ftags&post=9953"}],"curies":[{"name":"wp","href":"https:\/\/api.w.org\/{rel}","templated":true}]}}